{"id":1799,"date":"2016-05-30T20:26:57","date_gmt":"2016-05-30T20:26:57","guid":{"rendered":"https:\/\/claretsabadell.cat\/?p=1799"},"modified":"2016-05-30T20:26:57","modified_gmt":"2016-05-30T20:26:57","slug":"les-olimpiades-del-claret","status":"publish","type":"post","link":"https:\/\/claretsabadell.cat\/es\/les-olimpiades-del-claret\/","title":{"rendered":"Les olimp\u00edades del Claret"},"content":{"rendered":"<p><span style=\"color: #000000; font-family: arial, helvetica, sans-serif; font-size: 12pt;\">El passat dissabte 28, la nostra escola\u00a0 va celebrar les IX olimp\u00edades d&#8217;atletisme.<\/span><\/p>\n<p style=\"text-align: justify;\"><span style=\"color: #000000; font-family: arial, helvetica, sans-serif; font-size: 12pt;\">En un espai magn\u00edfic com \u00e9s la Pista Coberta d\u00b4Atletisme de Catalunya, els alumnes van viure i conviure uns valors que s\u00f3n molt importants per a la seva maduresa f\u00edsica i emocional (esfor\u00e7, generositat, cooperaci\u00f3 \u2026)<a href=\"https:\/\/claretsabadell.cat\/wp-content\/uploads\/2016\/05\/IMG-20160529-WA0029.jpg\" rel=\"attachment wp-att-1810\"><img fetchpriority=\"high\" decoding=\"async\" class=\" wp-image-1810 alignright\" src=\"https:\/\/claretsabadell.cat\/wp-content\/uploads\/2016\/05\/IMG-20160529-WA0029-300x169.jpg\" alt=\"IMG-20160529-WA0029\" width=\"453\" height=\"255\" \/><\/a><\/span><\/p>\n<p style=\"text-align: justify;\"><span style=\"color: #000000; font-family: arial, helvetica, sans-serif; font-size: 12pt;\">A les 10 del mat\u00ed, una desfilada solemne on la torxa i la bandera ol\u00edmpica precedien i emocionaven els atletes i \u00a0tots els presents, que van quedar totalment entregats, com ho van demostrar l&#8217;entusiasme i el recolzament a \u00a0l&#8217;hora d&#8217;animar les competicions.<\/span><\/p>\n<p><span style=\"color: #000000; font-family: arial, helvetica, sans-serif; font-size: 12pt;\">I despr\u00e9s d&#8217;una magn\u00edfica coreografia de balls populars, per parts dels nens i nenes d&#8217;infantil, van comen\u00e7ar les proves de velocitat, de salts i de llan\u00e7aments.<a href=\"https:\/\/claretsabadell.cat\/wp-content\/uploads\/2016\/05\/IMG-20160529-WA0024.jpg\" rel=\"attachment wp-att-1815\"><img decoding=\"async\" class=\"wp-image-1815 alignleft lazyload\" data-src=\"https:\/\/claretsabadell.cat\/wp-content\/uploads\/2016\/05\/IMG-20160529-WA0024-300x168.jpg\" alt=\"IMG-20160529-WA0024\" width=\"312\" height=\"175\" src=\"data:image\/svg+xml;base64,PHN2ZyB3aWR0aD0iMSIgaGVpZ2h0PSIxIiB4bWxucz0iaHR0cDovL3d3dy53My5vcmcvMjAwMC9zdmciPjwvc3ZnPg==\" style=\"--smush-placeholder-width: 312px; --smush-placeholder-aspect-ratio: 312\/175;\" \/><\/a><\/span><\/p>\n<p style=\"text-align: justify;\"><span style=\"color: #000000; font-family: arial, helvetica, sans-serif; font-size: 12pt;\">L&#8217;emocionant entrega de medalles i la desfilada final, amb l&#8217;ovaci\u00f3\u00a0 dedicada als no<a href=\"https:\/\/claretsabadell.cat\/wp-content\/uploads\/2016\/05\/medalles.jpg\" rel=\"attachment wp-att-1842\"><img decoding=\"async\" class=\"wp-image-1842 alignright lazyload\" data-src=\"https:\/\/claretsabadell.cat\/wp-content\/uploads\/2016\/05\/medalles-300x199.jpg\" alt=\"medalles\" width=\"173\" height=\"115\" src=\"data:image\/svg+xml;base64,PHN2ZyB3aWR0aD0iMSIgaGVpZ2h0PSIxIiB4bWxucz0iaHR0cDovL3d3dy53My5vcmcvMjAwMC9zdmciPjwvc3ZnPg==\" style=\"--smush-placeholder-width: 173px; --smush-placeholder-aspect-ratio: 173\/115;\" \/><\/a>stres atletes, van\u00a0<\/span><span style=\"color: #000000; font-family: arial, helvetica, sans-serif; font-size: 12pt;\">tancar una jor-nada plena de satis-facci\u00f3 per part de tots, \u00e9s a dir de tot el col\u00b7legi Claret.<\/span><\/p>\n<p>&nbsp;<\/p>\n<p><span style=\"color: #000000; font-family: arial, helvetica, sans-serif; font-size: 12pt;\">La setmana anterior als Jocs Ol\u00edmpics es van triar els guanyadors dels logos ol\u00edmpics del Claret:<\/span><\/p>\n<p style=\"text-align: justify;\"><span style=\"font-family: arial, helvetica, sans-serif; font-size: 12pt; color: #000000;\">\u00a0 \u00a0 \u00a0 \u00a0 \u00a0 \u00a0 \u00a0 \u00a0 El de l&#8217;Elah Vetoret de P-5 i el de l&#8217;Alba Robles de 5\u00e8 de prim\u00e0ria<\/span><\/p>\n<p style=\"text-align: justify;\">\u00a0 \u00a0 \u00a0<a href=\"https:\/\/claretsabadell.cat\/wp-content\/uploads\/2016\/05\/IMG-20160613-WA00091.jpg\" rel=\"attachment wp-att-1872\"><img decoding=\"async\" class=\"alignnone  wp-image-1872 lazyload\" data-src=\"https:\/\/claretsabadell.cat\/wp-content\/uploads\/2016\/05\/IMG-20160613-WA00091-168x300.jpg\" alt=\"IMG-20160613-WA0009[1]\" width=\"187\" height=\"334\" src=\"data:image\/svg+xml;base64,PHN2ZyB3aWR0aD0iMSIgaGVpZ2h0PSIxIiB4bWxucz0iaHR0cDovL3d3dy53My5vcmcvMjAwMC9zdmciPjwvc3ZnPg==\" style=\"--smush-placeholder-width: 187px; --smush-placeholder-aspect-ratio: 187\/334;\" \/><\/a>\u00a0 \u00a0\u00a0<a href=\"https:\/\/claretsabadell.cat\/wp-content\/uploads\/2016\/05\/IMG-20160613-WA00051.jpg\" rel=\"attachment wp-att-1873\"><img decoding=\"async\" class=\"alignnone  wp-image-1873 lazyload\" data-src=\"https:\/\/claretsabadell.cat\/wp-content\/uploads\/2016\/05\/IMG-20160613-WA00051-168x300.jpg\" alt=\"IMG-20160613-WA0005[1]\" width=\"184\" height=\"329\" src=\"data:image\/svg+xml;base64,PHN2ZyB3aWR0aD0iMSIgaGVpZ2h0PSIxIiB4bWxucz0iaHR0cDovL3d3dy53My5vcmcvMjAwMC9zdmciPjwvc3ZnPg==\" style=\"--smush-placeholder-width: 184px; --smush-placeholder-aspect-ratio: 184\/329;\" \/><\/a>\u00a0 \u00a0 \u00a0<a href=\"https:\/\/claretsabadell.cat\/wp-content\/uploads\/2016\/05\/IMG-20160613-WA00021.jpg\" rel=\"attachment wp-att-1874\"><img decoding=\"async\" class=\"wp-image-1874 alignnone lazyload\" data-src=\"https:\/\/claretsabadell.cat\/wp-content\/uploads\/2016\/05\/IMG-20160613-WA00021-168x300.jpg\" alt=\"IMG-20160613-WA0002[1]\" width=\"182\" height=\"325\" src=\"data:image\/svg+xml;base64,PHN2ZyB3aWR0aD0iMSIgaGVpZ2h0PSIxIiB4bWxucz0iaHR0cDovL3d3dy53My5vcmcvMjAwMC9zdmciPjwvc3ZnPg==\" style=\"--smush-placeholder-width: 182px; --smush-placeholder-aspect-ratio: 182\/325;\" \/><\/a><\/p>\n<p style=\"text-align: justify;\">\n<p style=\"text-align: justify;\"><a href=\"https:\/\/claretsabadell.cat\/wp-content\/uploads\/2016\/05\/P1010040.jpg\" rel=\"attachment wp-att-1835\"><img decoding=\"async\" class=\"alignnone size-medium wp-image-1835 lazyload\" data-src=\"https:\/\/claretsabadell.cat\/wp-content\/uploads\/2016\/05\/P1010040-300x225.jpg\" alt=\"P1010040\" width=\"300\" height=\"225\" src=\"data:image\/svg+xml;base64,PHN2ZyB3aWR0aD0iMSIgaGVpZ2h0PSIxIiB4bWxucz0iaHR0cDovL3d3dy53My5vcmcvMjAwMC9zdmciPjwvc3ZnPg==\" style=\"--smush-placeholder-width: 300px; --smush-placeholder-aspect-ratio: 300\/225;\" \/><\/a>\u00a0 \u00a0\u00a0<a href=\"https:\/\/claretsabadell.cat\/wp-content\/uploads\/2016\/05\/P1010041.jpg\" rel=\"attachment wp-att-1836\"><img decoding=\"async\" class=\"alignnone  wp-image-1836 lazyload\" data-src=\"https:\/\/claretsabadell.cat\/wp-content\/uploads\/2016\/05\/P1010041-300x225.jpg\" alt=\"P1010041\" width=\"294\" height=\"220\" src=\"data:image\/svg+xml;base64,PHN2ZyB3aWR0aD0iMSIgaGVpZ2h0PSIxIiB4bWxucz0iaHR0cDovL3d3dy53My5vcmcvMjAwMC9zdmciPjwvc3ZnPg==\" style=\"--smush-placeholder-width: 294px; --smush-placeholder-aspect-ratio: 294\/220;\" \/><\/a><\/p>\n","protected":false},"excerpt":{"rendered":"<p>El passat dissabte 28, la nostra escola\u00a0 va celebrar les IX olimp\u00edades d&#8217;atletisme. En un espai magn\u00edfic com \u00e9s la Pista Coberta d\u00b4Atletisme de Catalunya, els alumnes van viure i conviure uns valors que s\u00f3n molt importants per a la seva maduresa f\u00edsica i emocional (esfor\u00e7, generositat, cooperaci\u00f3 \u2026) A les 10 del mat\u00ed, una [&hellip;]<\/p>\n","protected":false},"author":2,"featured_media":0,"comment_status":"closed","ping_status":"closed","sticky":false,"template":"","format":"standard","meta":{"inline_featured_image":false,"_joinchat":[],"footnotes":""},"categories":[5],"tags":[],"class_list":["post-1799","post","type-post","status-publish","format-standard","hentry","category-noticies"],"yoast_head":"<!-- This site is optimized with the Yoast SEO plugin v27.5 - https:\/\/yoast.com\/product\/yoast-seo-wordpress\/ -->\n<title>Les olimp\u00edades del Claret - Col\u00b7legi Claret<\/title>\n<meta name=\"robots\" content=\"index, follow, max-snippet:-1, max-image-preview:large, max-video-preview:-1\" \/>\n<link rel=\"canonical\" href=\"https:\/\/claretsabadell.cat\/es\/les-olimpiades-del-claret\/\" \/>\n<meta property=\"og:locale\" content=\"es_ES\" \/>\n<meta property=\"og:type\" content=\"article\" \/>\n<meta property=\"og:title\" content=\"Les olimp\u00edades del Claret - Col\u00b7legi Claret\" \/>\n<meta property=\"og:description\" content=\"El passat dissabte 28, la nostra escola\u00a0 va celebrar les IX olimp\u00edades d&#8217;atletisme. En un espai magn\u00edfic com \u00e9s la Pista Coberta d\u00b4Atletisme de Catalunya, els alumnes van viure i conviure uns valors que s\u00f3n molt importants per a la seva maduresa f\u00edsica i emocional (esfor\u00e7, generositat, cooperaci\u00f3 \u2026) A les 10 del mat\u00ed, una [&hellip;]\" \/>\n<meta property=\"og:url\" content=\"https:\/\/claretsabadell.cat\/es\/les-olimpiades-del-claret\/\" \/>\n<meta property=\"og:site_name\" content=\"Col\u00b7legi Claret\" \/>\n<meta property=\"article:publisher\" content=\"https:\/\/www.facebook.com\/ClaretSabadell\/\" \/>\n<meta property=\"article:published_time\" content=\"2016-05-30T20:26:57+00:00\" \/>\n<meta property=\"og:image\" content=\"https:\/\/claretsabadell.cat\/wp-content\/uploads\/2016\/05\/IMG-20160529-WA0029-300x169.jpg\" \/>\n<meta name=\"author\" content=\"caparicio\" \/>\n<meta name=\"twitter:label1\" content=\"Escrito por\" \/>\n\t<meta name=\"twitter:data1\" content=\"caparicio\" \/>\n\t<meta name=\"twitter:label2\" content=\"Tiempo de lectura\" \/>\n\t<meta name=\"twitter:data2\" content=\"1 minuto\" \/>\n<script type=\"application\/ld+json\" class=\"yoast-schema-graph\">{\"@context\":\"https:\\\/\\\/schema.org\",\"@graph\":[{\"@type\":\"Article\",\"@id\":\"https:\\\/\\\/claretsabadell.cat\\\/es\\\/les-olimpiades-del-claret\\\/#article\",\"isPartOf\":{\"@id\":\"https:\\\/\\\/claretsabadell.cat\\\/es\\\/les-olimpiades-del-claret\\\/\"},\"author\":{\"name\":\"caparicio\",\"@id\":\"https:\\\/\\\/claretsabadell.cat\\\/es\\\/#\\\/schema\\\/person\\\/f315154d39905b3522ddecf099fccf5d\"},\"headline\":\"Les olimp\u00edades del Claret\",\"datePublished\":\"2016-05-30T20:26:57+00:00\",\"mainEntityOfPage\":{\"@id\":\"https:\\\/\\\/claretsabadell.cat\\\/es\\\/les-olimpiades-del-claret\\\/\"},\"wordCount\":208,\"publisher\":{\"@id\":\"https:\\\/\\\/claretsabadell.cat\\\/es\\\/#organization\"},\"image\":{\"@id\":\"https:\\\/\\\/claretsabadell.cat\\\/es\\\/les-olimpiades-del-claret\\\/#primaryimage\"},\"thumbnailUrl\":\"https:\\\/\\\/claretsabadell.cat\\\/wp-content\\\/uploads\\\/2016\\\/05\\\/IMG-20160529-WA0029-300x169.jpg\",\"articleSection\":[\"Not\u00edcies\"],\"inLanguage\":\"es\"},{\"@type\":\"WebPage\",\"@id\":\"https:\\\/\\\/claretsabadell.cat\\\/es\\\/les-olimpiades-del-claret\\\/\",\"url\":\"https:\\\/\\\/claretsabadell.cat\\\/es\\\/les-olimpiades-del-claret\\\/\",\"name\":\"Les olimp\u00edades del Claret - Col\u00b7legi Claret\",\"isPartOf\":{\"@id\":\"https:\\\/\\\/claretsabadell.cat\\\/es\\\/#website\"},\"primaryImageOfPage\":{\"@id\":\"https:\\\/\\\/claretsabadell.cat\\\/es\\\/les-olimpiades-del-claret\\\/#primaryimage\"},\"image\":{\"@id\":\"https:\\\/\\\/claretsabadell.cat\\\/es\\\/les-olimpiades-del-claret\\\/#primaryimage\"},\"thumbnailUrl\":\"https:\\\/\\\/claretsabadell.cat\\\/wp-content\\\/uploads\\\/2016\\\/05\\\/IMG-20160529-WA0029-300x169.jpg\",\"datePublished\":\"2016-05-30T20:26:57+00:00\",\"breadcrumb\":{\"@id\":\"https:\\\/\\\/claretsabadell.cat\\\/es\\\/les-olimpiades-del-claret\\\/#breadcrumb\"},\"inLanguage\":\"es\",\"potentialAction\":[{\"@type\":\"ReadAction\",\"target\":[\"https:\\\/\\\/claretsabadell.cat\\\/es\\\/les-olimpiades-del-claret\\\/\"]}]},{\"@type\":\"ImageObject\",\"inLanguage\":\"es\",\"@id\":\"https:\\\/\\\/claretsabadell.cat\\\/es\\\/les-olimpiades-del-claret\\\/#primaryimage\",\"url\":\"https:\\\/\\\/claretsabadell.cat\\\/wp-content\\\/uploads\\\/2016\\\/05\\\/IMG-20160529-WA0029-300x169.jpg\",\"contentUrl\":\"https:\\\/\\\/claretsabadell.cat\\\/wp-content\\\/uploads\\\/2016\\\/05\\\/IMG-20160529-WA0029-300x169.jpg\"},{\"@type\":\"BreadcrumbList\",\"@id\":\"https:\\\/\\\/claretsabadell.cat\\\/es\\\/les-olimpiades-del-claret\\\/#breadcrumb\",\"itemListElement\":[{\"@type\":\"ListItem\",\"position\":1,\"name\":\"Inici\",\"item\":\"https:\\\/\\\/claretsabadell.cat\\\/es\\\/\"},{\"@type\":\"ListItem\",\"position\":2,\"name\":\"Les olimp\u00edades del Claret\"}]},{\"@type\":\"WebSite\",\"@id\":\"https:\\\/\\\/claretsabadell.cat\\\/es\\\/#website\",\"url\":\"https:\\\/\\\/claretsabadell.cat\\\/es\\\/\",\"name\":\"Col\u00b7legi Claret\",\"description\":\"Educaci\u00f3 infantil, educaci\u00f3 prim\u00e0ria, ESO a Sabadell\",\"publisher\":{\"@id\":\"https:\\\/\\\/claretsabadell.cat\\\/es\\\/#organization\"},\"potentialAction\":[{\"@type\":\"SearchAction\",\"target\":{\"@type\":\"EntryPoint\",\"urlTemplate\":\"https:\\\/\\\/claretsabadell.cat\\\/es\\\/?s={search_term_string}\"},\"query-input\":{\"@type\":\"PropertyValueSpecification\",\"valueRequired\":true,\"valueName\":\"search_term_string\"}}],\"inLanguage\":\"es\"},{\"@type\":\"Organization\",\"@id\":\"https:\\\/\\\/claretsabadell.cat\\\/es\\\/#organization\",\"name\":\"Col\u00b7legi Claret Sabadell\",\"url\":\"https:\\\/\\\/claretsabadell.cat\\\/es\\\/\",\"logo\":{\"@type\":\"ImageObject\",\"inLanguage\":\"es\",\"@id\":\"https:\\\/\\\/claretsabadell.cat\\\/es\\\/#\\\/schema\\\/logo\\\/image\\\/\",\"url\":\"https:\\\/\\\/claretsabadell.cat\\\/wp-content\\\/uploads\\\/2020\\\/05\\\/claretsabadell.png\",\"contentUrl\":\"https:\\\/\\\/claretsabadell.cat\\\/wp-content\\\/uploads\\\/2020\\\/05\\\/claretsabadell.png\",\"width\":296,\"height\":100,\"caption\":\"Col\u00b7legi Claret Sabadell\"},\"image\":{\"@id\":\"https:\\\/\\\/claretsabadell.cat\\\/es\\\/#\\\/schema\\\/logo\\\/image\\\/\"},\"sameAs\":[\"https:\\\/\\\/www.facebook.com\\\/ClaretSabadell\\\/\",\"https:\\\/\\\/www.instagram.com\\\/claretsabadell\\\/\"]},{\"@type\":\"Person\",\"@id\":\"https:\\\/\\\/claretsabadell.cat\\\/es\\\/#\\\/schema\\\/person\\\/f315154d39905b3522ddecf099fccf5d\",\"name\":\"caparicio\",\"image\":{\"@type\":\"ImageObject\",\"inLanguage\":\"es\",\"@id\":\"https:\\\/\\\/secure.gravatar.com\\\/avatar\\\/1a5a59b76215d6ec635473a4038e7764468a9056019dade3a5147f4a52850459?s=96&d=mm&r=g\",\"url\":\"https:\\\/\\\/secure.gravatar.com\\\/avatar\\\/1a5a59b76215d6ec635473a4038e7764468a9056019dade3a5147f4a52850459?s=96&d=mm&r=g\",\"contentUrl\":\"https:\\\/\\\/secure.gravatar.com\\\/avatar\\\/1a5a59b76215d6ec635473a4038e7764468a9056019dade3a5147f4a52850459?s=96&d=mm&r=g\",\"caption\":\"caparicio\"}}]}<\/script>\n<!-- \/ Yoast SEO plugin. -->","yoast_head_json":{"title":"Les olimp\u00edades del Claret - Col\u00b7legi Claret","robots":{"index":"index","follow":"follow","max-snippet":"max-snippet:-1","max-image-preview":"max-image-preview:large","max-video-preview":"max-video-preview:-1"},"canonical":"https:\/\/claretsabadell.cat\/es\/les-olimpiades-del-claret\/","og_locale":"es_ES","og_type":"article","og_title":"Les olimp\u00edades del Claret - Col\u00b7legi Claret","og_description":"El passat dissabte 28, la nostra escola\u00a0 va celebrar les IX olimp\u00edades d&#8217;atletisme. En un espai magn\u00edfic com \u00e9s la Pista Coberta d\u00b4Atletisme de Catalunya, els alumnes van viure i conviure uns valors que s\u00f3n molt importants per a la seva maduresa f\u00edsica i emocional (esfor\u00e7, generositat, cooperaci\u00f3 \u2026) A les 10 del mat\u00ed, una [&hellip;]","og_url":"https:\/\/claretsabadell.cat\/es\/les-olimpiades-del-claret\/","og_site_name":"Col\u00b7legi Claret","article_publisher":"https:\/\/www.facebook.com\/ClaretSabadell\/","article_published_time":"2016-05-30T20:26:57+00:00","og_image":[{"url":"https:\/\/claretsabadell.cat\/wp-content\/uploads\/2016\/05\/IMG-20160529-WA0029-300x169.jpg","type":"","width":"","height":""}],"author":"caparicio","twitter_misc":{"Escrito por":"caparicio","Tiempo de lectura":"1 minuto"},"schema":{"@context":"https:\/\/schema.org","@graph":[{"@type":"Article","@id":"https:\/\/claretsabadell.cat\/es\/les-olimpiades-del-claret\/#article","isPartOf":{"@id":"https:\/\/claretsabadell.cat\/es\/les-olimpiades-del-claret\/"},"author":{"name":"caparicio","@id":"https:\/\/claretsabadell.cat\/es\/#\/schema\/person\/f315154d39905b3522ddecf099fccf5d"},"headline":"Les olimp\u00edades del Claret","datePublished":"2016-05-30T20:26:57+00:00","mainEntityOfPage":{"@id":"https:\/\/claretsabadell.cat\/es\/les-olimpiades-del-claret\/"},"wordCount":208,"publisher":{"@id":"https:\/\/claretsabadell.cat\/es\/#organization"},"image":{"@id":"https:\/\/claretsabadell.cat\/es\/les-olimpiades-del-claret\/#primaryimage"},"thumbnailUrl":"https:\/\/claretsabadell.cat\/wp-content\/uploads\/2016\/05\/IMG-20160529-WA0029-300x169.jpg","articleSection":["Not\u00edcies"],"inLanguage":"es"},{"@type":"WebPage","@id":"https:\/\/claretsabadell.cat\/es\/les-olimpiades-del-claret\/","url":"https:\/\/claretsabadell.cat\/es\/les-olimpiades-del-claret\/","name":"Les olimp\u00edades del Claret - Col\u00b7legi Claret","isPartOf":{"@id":"https:\/\/claretsabadell.cat\/es\/#website"},"primaryImageOfPage":{"@id":"https:\/\/claretsabadell.cat\/es\/les-olimpiades-del-claret\/#primaryimage"},"image":{"@id":"https:\/\/claretsabadell.cat\/es\/les-olimpiades-del-claret\/#primaryimage"},"thumbnailUrl":"https:\/\/claretsabadell.cat\/wp-content\/uploads\/2016\/05\/IMG-20160529-WA0029-300x169.jpg","datePublished":"2016-05-30T20:26:57+00:00","breadcrumb":{"@id":"https:\/\/claretsabadell.cat\/es\/les-olimpiades-del-claret\/#breadcrumb"},"inLanguage":"es","potentialAction":[{"@type":"ReadAction","target":["https:\/\/claretsabadell.cat\/es\/les-olimpiades-del-claret\/"]}]},{"@type":"ImageObject","inLanguage":"es","@id":"https:\/\/claretsabadell.cat\/es\/les-olimpiades-del-claret\/#primaryimage","url":"https:\/\/claretsabadell.cat\/wp-content\/uploads\/2016\/05\/IMG-20160529-WA0029-300x169.jpg","contentUrl":"https:\/\/claretsabadell.cat\/wp-content\/uploads\/2016\/05\/IMG-20160529-WA0029-300x169.jpg"},{"@type":"BreadcrumbList","@id":"https:\/\/claretsabadell.cat\/es\/les-olimpiades-del-claret\/#breadcrumb","itemListElement":[{"@type":"ListItem","position":1,"name":"Inici","item":"https:\/\/claretsabadell.cat\/es\/"},{"@type":"ListItem","position":2,"name":"Les olimp\u00edades del Claret"}]},{"@type":"WebSite","@id":"https:\/\/claretsabadell.cat\/es\/#website","url":"https:\/\/claretsabadell.cat\/es\/","name":"Col\u00b7legi Claret","description":"Educaci\u00f3 infantil, educaci\u00f3 prim\u00e0ria, ESO a Sabadell","publisher":{"@id":"https:\/\/claretsabadell.cat\/es\/#organization"},"potentialAction":[{"@type":"SearchAction","target":{"@type":"EntryPoint","urlTemplate":"https:\/\/claretsabadell.cat\/es\/?s={search_term_string}"},"query-input":{"@type":"PropertyValueSpecification","valueRequired":true,"valueName":"search_term_string"}}],"inLanguage":"es"},{"@type":"Organization","@id":"https:\/\/claretsabadell.cat\/es\/#organization","name":"Col\u00b7legi Claret Sabadell","url":"https:\/\/claretsabadell.cat\/es\/","logo":{"@type":"ImageObject","inLanguage":"es","@id":"https:\/\/claretsabadell.cat\/es\/#\/schema\/logo\/image\/","url":"https:\/\/claretsabadell.cat\/wp-content\/uploads\/2020\/05\/claretsabadell.png","contentUrl":"https:\/\/claretsabadell.cat\/wp-content\/uploads\/2020\/05\/claretsabadell.png","width":296,"height":100,"caption":"Col\u00b7legi Claret Sabadell"},"image":{"@id":"https:\/\/claretsabadell.cat\/es\/#\/schema\/logo\/image\/"},"sameAs":["https:\/\/www.facebook.com\/ClaretSabadell\/","https:\/\/www.instagram.com\/claretsabadell\/"]},{"@type":"Person","@id":"https:\/\/claretsabadell.cat\/es\/#\/schema\/person\/f315154d39905b3522ddecf099fccf5d","name":"caparicio","image":{"@type":"ImageObject","inLanguage":"es","@id":"https:\/\/secure.gravatar.com\/avatar\/1a5a59b76215d6ec635473a4038e7764468a9056019dade3a5147f4a52850459?s=96&d=mm&r=g","url":"https:\/\/secure.gravatar.com\/avatar\/1a5a59b76215d6ec635473a4038e7764468a9056019dade3a5147f4a52850459?s=96&d=mm&r=g","contentUrl":"https:\/\/secure.gravatar.com\/avatar\/1a5a59b76215d6ec635473a4038e7764468a9056019dade3a5147f4a52850459?s=96&d=mm&r=g","caption":"caparicio"}}]}},"_links":{"self":[{"href":"https:\/\/claretsabadell.cat\/es\/wp-json\/wp\/v2\/posts\/1799","targetHints":{"allow":["GET"]}}],"collection":[{"href":"https:\/\/claretsabadell.cat\/es\/wp-json\/wp\/v2\/posts"}],"about":[{"href":"https:\/\/claretsabadell.cat\/es\/wp-json\/wp\/v2\/types\/post"}],"author":[{"embeddable":true,"href":"https:\/\/claretsabadell.cat\/es\/wp-json\/wp\/v2\/users\/2"}],"replies":[{"embeddable":true,"href":"https:\/\/claretsabadell.cat\/es\/wp-json\/wp\/v2\/comments?post=1799"}],"version-history":[{"count":0,"href":"https:\/\/claretsabadell.cat\/es\/wp-json\/wp\/v2\/posts\/1799\/revisions"}],"wp:attachment":[{"href":"https:\/\/claretsabadell.cat\/es\/wp-json\/wp\/v2\/media?parent=1799"}],"wp:term":[{"taxonomy":"category","embeddable":true,"href":"https:\/\/claretsabadell.cat\/es\/wp-json\/wp\/v2\/categories?post=1799"},{"taxonomy":"post_tag","embeddable":true,"href":"https:\/\/claretsabadell.cat\/es\/wp-json\/wp\/v2\/tags?post=1799"}],"curies":[{"name":"wp","href":"https:\/\/api.w.org\/{rel}","templated":true}]}}