{"id":1887,"date":"2016-06-20T19:46:39","date_gmt":"2016-06-20T19:46:39","guid":{"rendered":"https:\/\/claretsabadell.cat\/?p=1887"},"modified":"2016-06-20T19:46:39","modified_gmt":"2016-06-20T19:46:39","slug":"esports-al-claret","status":"publish","type":"post","link":"https:\/\/claretsabadell.cat\/es\/esports-al-claret\/","title":{"rendered":"Esports al Claret"},"content":{"rendered":"<p style=\"text-align: justify;\"><span style=\"color: #000000;\"><strong><span style=\"font-family: arial, helvetica, sans-serif; font-size: 12pt;\"><span style=\"color: #000000;\">FULBET :<\/span><br \/>\n<\/span><\/strong><\/span><\/p>\n<p style=\"text-align: justify;\"><!--StartFragment --><span style=\"color: #000000;\"><span style=\"font-family: arial, helvetica, sans-serif; font-size: 12pt;\">El nostre col\u00b7legi un any m\u00e9s ha participat a la lliga escolar de Sabadell, en les categories de Prebenjam\u00ed (per primer cop), Benjam\u00ed i Alev\u00ed.<a style=\"color: #000000;\" href=\"https:\/\/claretsabadell.cat\/wp-content\/uploads\/2016\/06\/ERIK-PREBENJA-3-4.jpg\"><img fetchpriority=\"high\" decoding=\"async\" class=\"wp-image-1891 alignleft\" src=\"https:\/\/claretsabadell.cat\/wp-content\/uploads\/2016\/06\/ERIK-PREBENJA-3-4-300x244.jpg\" alt=\"ERIK PREBENJA 3 (4)\" width=\"277\" height=\"225\" \/><\/a><\/span><span style=\"font-family: arial, helvetica, sans-serif; font-size: 12pt;\">\u00a0L&#8217;equip Prebenjam\u00ed s&#8217;ha estrenat amb una bona i merit\u00f2ria tercera pla\u00e7a del grup C, el Benjam\u00ed ha quedat quart del grup C, i l&#8217;Alev\u00ed ha quedat tercer del grup B, una bona feina global i col\u00b7lectiva, amb\u00a0esperances de millorar les posicions de cara l&#8217;any vinent. \u00a0<\/span><\/span><\/p>\n<p style=\"text-align: justify;\"><a href=\"https:\/\/claretsabadell.cat\/wp-content\/uploads\/2016\/06\/DAVID-4-3.jpg\"><img decoding=\"async\" class=\"wp-image-1890 alignleft lazyload\" data-src=\"https:\/\/claretsabadell.cat\/wp-content\/uploads\/2016\/06\/BENJAMI-1-200x300.png\" alt=\"BENJAMI 1\" width=\"182\" height=\"273\" src=\"data:image\/svg+xml;base64,PHN2ZyB3aWR0aD0iMSIgaGVpZ2h0PSIxIiB4bWxucz0iaHR0cDovL3d3dy53My5vcmcvMjAwMC9zdmciPjwvc3ZnPg==\" style=\"--smush-placeholder-width: 182px; --smush-placeholder-aspect-ratio: 182\/273;\" \/><\/a><\/p>\n<p style=\"text-align: justify;\">\u00a0 \u00a0 \u00a0<a href=\"https:\/\/claretsabadell.cat\/wp-content\/uploads\/2016\/06\/DAVID-4-3.jpg\"><img decoding=\"async\" class=\"wp-image-1889 alignnone lazyload\" data-src=\"https:\/\/claretsabadell.cat\/wp-content\/uploads\/2016\/06\/DAVID-4-3-300x168.jpg\" alt=\"DAVID 4 (3)\" width=\"226\" height=\"126\" src=\"data:image\/svg+xml;base64,PHN2ZyB3aWR0aD0iMSIgaGVpZ2h0PSIxIiB4bWxucz0iaHR0cDovL3d3dy53My5vcmcvMjAwMC9zdmciPjwvc3ZnPg==\" style=\"--smush-placeholder-width: 226px; --smush-placeholder-aspect-ratio: 226\/126;\" \/><\/a><a href=\"https:\/\/claretsabadell.cat\/wp-content\/uploads\/2016\/06\/DAVID-6-2.jpg\"><img decoding=\"async\" class=\"wp-image-1896 alignnone lazyload\" data-src=\"https:\/\/claretsabadell.cat\/wp-content\/uploads\/2016\/06\/DAVID-6-2-300x225.jpg\" alt=\"DAVID 6 (2)\" width=\"243\" height=\"184\" src=\"data:image\/svg+xml;base64,PHN2ZyB3aWR0aD0iMSIgaGVpZ2h0PSIxIiB4bWxucz0iaHR0cDovL3d3dy53My5vcmcvMjAwMC9zdmciPjwvc3ZnPg==\" style=\"--smush-placeholder-width: 243px; --smush-placeholder-aspect-ratio: 243\/184;\" \/><\/a><\/p>\n<p style=\"text-align: justify;\"><span style=\"color: #000000; font-family: arial, helvetica, sans-serif; font-size: 12pt;\"><strong><span style=\"color: #000000;\">B\u00c0SQUET<\/span>:<\/strong><\/span><\/p>\n<p style=\"text-align: justify;\"><span style=\"font-family: arial, helvetica, sans-serif; font-size: 12pt; color: #000000;\">L&#8217;equip Cadet de b\u00e0squet de l&#8217;escola es va proclamar per segon any consecutiu campi\u00f3 de la lliga escolar de Sabadell organitzada pel Consell Esportiu de Sabadell.<\/span><\/p>\n<p style=\"text-align: justify;\"><span style=\"color: #000000;\"><span style=\"font-family: arial, helvetica, sans-serif; font-size: 12pt;\"><a style=\"color: #000000;\" href=\"https:\/\/claretsabadell.cat\/wp-content\/uploads\/2016\/06\/IMG_2784.jpg\"><img decoding=\"async\" class=\"wp-image-1897 alignleft lazyload\" data-src=\"https:\/\/claretsabadell.cat\/wp-content\/uploads\/2016\/06\/IMG_2784-300x169.jpg\" alt=\"IMG_2784\" width=\"273\" height=\"154\" src=\"data:image\/svg+xml;base64,PHN2ZyB3aWR0aD0iMSIgaGVpZ2h0PSIxIiB4bWxucz0iaHR0cDovL3d3dy53My5vcmcvMjAwMC9zdmciPjwvc3ZnPg==\" style=\"--smush-placeholder-width: 273px; --smush-placeholder-aspect-ratio: 273\/154;\" \/><\/a><\/span><span style=\"font-family: arial, helvetica, sans-serif; font-size: 12pt;\"><a style=\"color: #000000;\" href=\"https:\/\/claretsabadell.cat\/wp-content\/uploads\/2016\/06\/IMG_2778.jpg\"><img decoding=\"async\" class=\"wp-image-1899 alignleft lazyload\" data-src=\"https:\/\/claretsabadell.cat\/wp-content\/uploads\/2016\/06\/IMG_2778-300x169.jpg\" alt=\"IMG_2778\" width=\"275\" height=\"155\" src=\"data:image\/svg+xml;base64,PHN2ZyB3aWR0aD0iMSIgaGVpZ2h0PSIxIiB4bWxucz0iaHR0cDovL3d3dy53My5vcmcvMjAwMC9zdmciPjwvc3ZnPg==\" style=\"--smush-placeholder-width: 275px; --smush-placeholder-aspect-ratio: 275\/155;\" \/><\/a><a style=\"color: #000000;\" href=\"https:\/\/claretsabadell.cat\/wp-content\/uploads\/2016\/06\/IMG_3385.jpg\"><img decoding=\"async\" class=\"wp-image-1967 alignleft lazyload\" data-src=\"https:\/\/claretsabadell.cat\/wp-content\/uploads\/2016\/06\/IMG_3385-300x200.jpg\" alt=\"IMG_3385\" width=\"231\" height=\"153\" src=\"data:image\/svg+xml;base64,PHN2ZyB3aWR0aD0iMSIgaGVpZ2h0PSIxIiB4bWxucz0iaHR0cDovL3d3dy53My5vcmcvMjAwMC9zdmciPjwvc3ZnPg==\" style=\"--smush-placeholder-width: 231px; --smush-placeholder-aspect-ratio: 231\/153;\" \/><\/a><\/span><\/span><\/p>\n<p style=\"text-align: justify;\"><span style=\"font-family: arial, helvetica, sans-serif; font-size: 12pt; color: #000000;\">\u00a0<\/span><\/p>\n<p style=\"text-align: justify;\"><span style=\"font-family: arial, helvetica, sans-serif; font-size: 12pt; color: #000000;\">\u00a0 \u00a0 \u00a0 \u00a0 \u00a0 \u00a0 \u00a0 \u00a0 \u00a0 \u00a0 \u00a0 \u00a0 \u00a0 \u00a0 \u00a0 \u00a0 \u00a0 \u00a0 \u00a0 \u00a0 \u00a0 \u00a0 \u00a0 \u00a0 \u00a0 \u00a0 \u00a0 \u00a0 \u00a0 \u00a0\u00a0<a style=\"color: #000000;\" href=\"https:\/\/claretsabadell.cat\/wp-content\/uploads\/2016\/06\/IMG_2777.jpg\"><img decoding=\"async\" class=\"wp-image-1898 alignleft lazyload\" data-src=\"https:\/\/claretsabadell.cat\/wp-content\/uploads\/2016\/06\/IMG_2777-300x180.jpg\" alt=\"IMG_2777\" width=\"269\" height=\"161\" src=\"data:image\/svg+xml;base64,PHN2ZyB3aWR0aD0iMSIgaGVpZ2h0PSIxIiB4bWxucz0iaHR0cDovL3d3dy53My5vcmcvMjAwMC9zdmciPjwvc3ZnPg==\" style=\"--smush-placeholder-width: 269px; --smush-placeholder-aspect-ratio: 269\/161;\" \/><\/a><\/span><\/p>\n<p style=\"text-align: justify;\"><span style=\"font-family: arial, helvetica, sans-serif; font-size: 12pt; color: #000000;\">Aquest any l&#8217;equip ha competit en la categoria de Cadet (edats compreses entre els 14 i els 16 anys) i la recompensa m\u00e9s que merescuda, despr\u00e9s d\u2019un any amb molts esfor\u00e7os, dedicaci\u00f3 i la il\u00b7lusi\u00f3 mantinguda m\u00e9s de 4 anys com a equip ha estat quedar els primers classificats a la liga.\u00a0<\/span><\/p>\n<p style=\"text-align: justify;\"><span style=\"font-family: arial, helvetica, sans-serif; font-size: 12pt; color: #000000;\">\u00a0Enhorabona campions!!!<\/span><\/p>\n","protected":false},"excerpt":{"rendered":"<p>FULBET : El nostre col\u00b7legi un any m\u00e9s ha participat a la lliga escolar de Sabadell, en les categories de Prebenjam\u00ed (per primer cop), Benjam\u00ed i Alev\u00ed.\u00a0L&#8217;equip Prebenjam\u00ed s&#8217;ha estrenat amb una bona i merit\u00f2ria tercera pla\u00e7a del grup C, el Benjam\u00ed ha quedat quart del grup C, i l&#8217;Alev\u00ed ha quedat tercer del grup [&hellip;]<\/p>\n","protected":false},"author":2,"featured_media":0,"comment_status":"closed","ping_status":"closed","sticky":false,"template":"","format":"standard","meta":{"inline_featured_image":false,"_joinchat":[],"footnotes":""},"categories":[5],"tags":[],"class_list":["post-1887","post","type-post","status-publish","format-standard","hentry","category-noticies"],"yoast_head":"<!-- This site is optimized with the Yoast SEO plugin v27.5 - https:\/\/yoast.com\/product\/yoast-seo-wordpress\/ -->\n<title>Esports al Claret - Col\u00b7legi Claret<\/title>\n<meta name=\"robots\" content=\"index, follow, max-snippet:-1, max-image-preview:large, max-video-preview:-1\" \/>\n<link rel=\"canonical\" href=\"https:\/\/claretsabadell.cat\/es\/esports-al-claret\/\" \/>\n<meta property=\"og:locale\" content=\"es_ES\" \/>\n<meta property=\"og:type\" content=\"article\" \/>\n<meta property=\"og:title\" content=\"Esports al Claret - Col\u00b7legi Claret\" \/>\n<meta property=\"og:description\" content=\"FULBET : El nostre col\u00b7legi un any m\u00e9s ha participat a la lliga escolar de Sabadell, en les categories de Prebenjam\u00ed (per primer cop), Benjam\u00ed i Alev\u00ed.\u00a0L&#8217;equip Prebenjam\u00ed s&#8217;ha estrenat amb una bona i merit\u00f2ria tercera pla\u00e7a del grup C, el Benjam\u00ed ha quedat quart del grup C, i l&#8217;Alev\u00ed ha quedat tercer del grup [&hellip;]\" \/>\n<meta property=\"og:url\" content=\"https:\/\/claretsabadell.cat\/es\/esports-al-claret\/\" \/>\n<meta property=\"og:site_name\" content=\"Col\u00b7legi Claret\" \/>\n<meta property=\"article:publisher\" content=\"https:\/\/www.facebook.com\/ClaretSabadell\/\" \/>\n<meta property=\"article:published_time\" content=\"2016-06-20T19:46:39+00:00\" \/>\n<meta property=\"og:image\" content=\"https:\/\/claretsabadell.cat\/wp-content\/uploads\/2016\/06\/ERIK-PREBENJA-3-4-300x244.jpg\" \/>\n<meta name=\"author\" content=\"caparicio\" \/>\n<meta name=\"twitter:label1\" content=\"Escrito por\" \/>\n\t<meta name=\"twitter:data1\" content=\"caparicio\" \/>\n\t<meta name=\"twitter:label2\" content=\"Tiempo de lectura\" \/>\n\t<meta name=\"twitter:data2\" content=\"1 minuto\" \/>\n<script type=\"application\/ld+json\" class=\"yoast-schema-graph\">{\"@context\":\"https:\\\/\\\/schema.org\",\"@graph\":[{\"@type\":\"Article\",\"@id\":\"https:\\\/\\\/claretsabadell.cat\\\/es\\\/esports-al-claret\\\/#article\",\"isPartOf\":{\"@id\":\"https:\\\/\\\/claretsabadell.cat\\\/es\\\/esports-al-claret\\\/\"},\"author\":{\"name\":\"caparicio\",\"@id\":\"https:\\\/\\\/claretsabadell.cat\\\/es\\\/#\\\/schema\\\/person\\\/f315154d39905b3522ddecf099fccf5d\"},\"headline\":\"Esports al Claret\",\"datePublished\":\"2016-06-20T19:46:39+00:00\",\"mainEntityOfPage\":{\"@id\":\"https:\\\/\\\/claretsabadell.cat\\\/es\\\/esports-al-claret\\\/\"},\"wordCount\":173,\"publisher\":{\"@id\":\"https:\\\/\\\/claretsabadell.cat\\\/es\\\/#organization\"},\"image\":{\"@id\":\"https:\\\/\\\/claretsabadell.cat\\\/es\\\/esports-al-claret\\\/#primaryimage\"},\"thumbnailUrl\":\"https:\\\/\\\/claretsabadell.cat\\\/wp-content\\\/uploads\\\/2016\\\/06\\\/ERIK-PREBENJA-3-4-300x244.jpg\",\"articleSection\":[\"Not\u00edcies\"],\"inLanguage\":\"es\"},{\"@type\":\"WebPage\",\"@id\":\"https:\\\/\\\/claretsabadell.cat\\\/es\\\/esports-al-claret\\\/\",\"url\":\"https:\\\/\\\/claretsabadell.cat\\\/es\\\/esports-al-claret\\\/\",\"name\":\"Esports al Claret - Col\u00b7legi Claret\",\"isPartOf\":{\"@id\":\"https:\\\/\\\/claretsabadell.cat\\\/es\\\/#website\"},\"primaryImageOfPage\":{\"@id\":\"https:\\\/\\\/claretsabadell.cat\\\/es\\\/esports-al-claret\\\/#primaryimage\"},\"image\":{\"@id\":\"https:\\\/\\\/claretsabadell.cat\\\/es\\\/esports-al-claret\\\/#primaryimage\"},\"thumbnailUrl\":\"https:\\\/\\\/claretsabadell.cat\\\/wp-content\\\/uploads\\\/2016\\\/06\\\/ERIK-PREBENJA-3-4-300x244.jpg\",\"datePublished\":\"2016-06-20T19:46:39+00:00\",\"breadcrumb\":{\"@id\":\"https:\\\/\\\/claretsabadell.cat\\\/es\\\/esports-al-claret\\\/#breadcrumb\"},\"inLanguage\":\"es\",\"potentialAction\":[{\"@type\":\"ReadAction\",\"target\":[\"https:\\\/\\\/claretsabadell.cat\\\/es\\\/esports-al-claret\\\/\"]}]},{\"@type\":\"ImageObject\",\"inLanguage\":\"es\",\"@id\":\"https:\\\/\\\/claretsabadell.cat\\\/es\\\/esports-al-claret\\\/#primaryimage\",\"url\":\"https:\\\/\\\/claretsabadell.cat\\\/wp-content\\\/uploads\\\/2016\\\/06\\\/ERIK-PREBENJA-3-4-300x244.jpg\",\"contentUrl\":\"https:\\\/\\\/claretsabadell.cat\\\/wp-content\\\/uploads\\\/2016\\\/06\\\/ERIK-PREBENJA-3-4-300x244.jpg\"},{\"@type\":\"BreadcrumbList\",\"@id\":\"https:\\\/\\\/claretsabadell.cat\\\/es\\\/esports-al-claret\\\/#breadcrumb\",\"itemListElement\":[{\"@type\":\"ListItem\",\"position\":1,\"name\":\"Inici\",\"item\":\"https:\\\/\\\/claretsabadell.cat\\\/es\\\/\"},{\"@type\":\"ListItem\",\"position\":2,\"name\":\"Esports al Claret\"}]},{\"@type\":\"WebSite\",\"@id\":\"https:\\\/\\\/claretsabadell.cat\\\/es\\\/#website\",\"url\":\"https:\\\/\\\/claretsabadell.cat\\\/es\\\/\",\"name\":\"Col\u00b7legi Claret\",\"description\":\"Educaci\u00f3 infantil, educaci\u00f3 prim\u00e0ria, ESO a Sabadell\",\"publisher\":{\"@id\":\"https:\\\/\\\/claretsabadell.cat\\\/es\\\/#organization\"},\"potentialAction\":[{\"@type\":\"SearchAction\",\"target\":{\"@type\":\"EntryPoint\",\"urlTemplate\":\"https:\\\/\\\/claretsabadell.cat\\\/es\\\/?s={search_term_string}\"},\"query-input\":{\"@type\":\"PropertyValueSpecification\",\"valueRequired\":true,\"valueName\":\"search_term_string\"}}],\"inLanguage\":\"es\"},{\"@type\":\"Organization\",\"@id\":\"https:\\\/\\\/claretsabadell.cat\\\/es\\\/#organization\",\"name\":\"Col\u00b7legi Claret Sabadell\",\"url\":\"https:\\\/\\\/claretsabadell.cat\\\/es\\\/\",\"logo\":{\"@type\":\"ImageObject\",\"inLanguage\":\"es\",\"@id\":\"https:\\\/\\\/claretsabadell.cat\\\/es\\\/#\\\/schema\\\/logo\\\/image\\\/\",\"url\":\"https:\\\/\\\/claretsabadell.cat\\\/wp-content\\\/uploads\\\/2020\\\/05\\\/claretsabadell.png\",\"contentUrl\":\"https:\\\/\\\/claretsabadell.cat\\\/wp-content\\\/uploads\\\/2020\\\/05\\\/claretsabadell.png\",\"width\":296,\"height\":100,\"caption\":\"Col\u00b7legi Claret Sabadell\"},\"image\":{\"@id\":\"https:\\\/\\\/claretsabadell.cat\\\/es\\\/#\\\/schema\\\/logo\\\/image\\\/\"},\"sameAs\":[\"https:\\\/\\\/www.facebook.com\\\/ClaretSabadell\\\/\",\"https:\\\/\\\/www.instagram.com\\\/claretsabadell\\\/\"]},{\"@type\":\"Person\",\"@id\":\"https:\\\/\\\/claretsabadell.cat\\\/es\\\/#\\\/schema\\\/person\\\/f315154d39905b3522ddecf099fccf5d\",\"name\":\"caparicio\",\"image\":{\"@type\":\"ImageObject\",\"inLanguage\":\"es\",\"@id\":\"https:\\\/\\\/secure.gravatar.com\\\/avatar\\\/1a5a59b76215d6ec635473a4038e7764468a9056019dade3a5147f4a52850459?s=96&d=mm&r=g\",\"url\":\"https:\\\/\\\/secure.gravatar.com\\\/avatar\\\/1a5a59b76215d6ec635473a4038e7764468a9056019dade3a5147f4a52850459?s=96&d=mm&r=g\",\"contentUrl\":\"https:\\\/\\\/secure.gravatar.com\\\/avatar\\\/1a5a59b76215d6ec635473a4038e7764468a9056019dade3a5147f4a52850459?s=96&d=mm&r=g\",\"caption\":\"caparicio\"}}]}<\/script>\n<!-- \/ Yoast SEO plugin. -->","yoast_head_json":{"title":"Esports al Claret - Col\u00b7legi Claret","robots":{"index":"index","follow":"follow","max-snippet":"max-snippet:-1","max-image-preview":"max-image-preview:large","max-video-preview":"max-video-preview:-1"},"canonical":"https:\/\/claretsabadell.cat\/es\/esports-al-claret\/","og_locale":"es_ES","og_type":"article","og_title":"Esports al Claret - Col\u00b7legi Claret","og_description":"FULBET : El nostre col\u00b7legi un any m\u00e9s ha participat a la lliga escolar de Sabadell, en les categories de Prebenjam\u00ed (per primer cop), Benjam\u00ed i Alev\u00ed.\u00a0L&#8217;equip Prebenjam\u00ed s&#8217;ha estrenat amb una bona i merit\u00f2ria tercera pla\u00e7a del grup C, el Benjam\u00ed ha quedat quart del grup C, i l&#8217;Alev\u00ed ha quedat tercer del grup [&hellip;]","og_url":"https:\/\/claretsabadell.cat\/es\/esports-al-claret\/","og_site_name":"Col\u00b7legi Claret","article_publisher":"https:\/\/www.facebook.com\/ClaretSabadell\/","article_published_time":"2016-06-20T19:46:39+00:00","og_image":[{"url":"https:\/\/claretsabadell.cat\/wp-content\/uploads\/2016\/06\/ERIK-PREBENJA-3-4-300x244.jpg","type":"","width":"","height":""}],"author":"caparicio","twitter_misc":{"Escrito por":"caparicio","Tiempo de lectura":"1 minuto"},"schema":{"@context":"https:\/\/schema.org","@graph":[{"@type":"Article","@id":"https:\/\/claretsabadell.cat\/es\/esports-al-claret\/#article","isPartOf":{"@id":"https:\/\/claretsabadell.cat\/es\/esports-al-claret\/"},"author":{"name":"caparicio","@id":"https:\/\/claretsabadell.cat\/es\/#\/schema\/person\/f315154d39905b3522ddecf099fccf5d"},"headline":"Esports al Claret","datePublished":"2016-06-20T19:46:39+00:00","mainEntityOfPage":{"@id":"https:\/\/claretsabadell.cat\/es\/esports-al-claret\/"},"wordCount":173,"publisher":{"@id":"https:\/\/claretsabadell.cat\/es\/#organization"},"image":{"@id":"https:\/\/claretsabadell.cat\/es\/esports-al-claret\/#primaryimage"},"thumbnailUrl":"https:\/\/claretsabadell.cat\/wp-content\/uploads\/2016\/06\/ERIK-PREBENJA-3-4-300x244.jpg","articleSection":["Not\u00edcies"],"inLanguage":"es"},{"@type":"WebPage","@id":"https:\/\/claretsabadell.cat\/es\/esports-al-claret\/","url":"https:\/\/claretsabadell.cat\/es\/esports-al-claret\/","name":"Esports al Claret - Col\u00b7legi Claret","isPartOf":{"@id":"https:\/\/claretsabadell.cat\/es\/#website"},"primaryImageOfPage":{"@id":"https:\/\/claretsabadell.cat\/es\/esports-al-claret\/#primaryimage"},"image":{"@id":"https:\/\/claretsabadell.cat\/es\/esports-al-claret\/#primaryimage"},"thumbnailUrl":"https:\/\/claretsabadell.cat\/wp-content\/uploads\/2016\/06\/ERIK-PREBENJA-3-4-300x244.jpg","datePublished":"2016-06-20T19:46:39+00:00","breadcrumb":{"@id":"https:\/\/claretsabadell.cat\/es\/esports-al-claret\/#breadcrumb"},"inLanguage":"es","potentialAction":[{"@type":"ReadAction","target":["https:\/\/claretsabadell.cat\/es\/esports-al-claret\/"]}]},{"@type":"ImageObject","inLanguage":"es","@id":"https:\/\/claretsabadell.cat\/es\/esports-al-claret\/#primaryimage","url":"https:\/\/claretsabadell.cat\/wp-content\/uploads\/2016\/06\/ERIK-PREBENJA-3-4-300x244.jpg","contentUrl":"https:\/\/claretsabadell.cat\/wp-content\/uploads\/2016\/06\/ERIK-PREBENJA-3-4-300x244.jpg"},{"@type":"BreadcrumbList","@id":"https:\/\/claretsabadell.cat\/es\/esports-al-claret\/#breadcrumb","itemListElement":[{"@type":"ListItem","position":1,"name":"Inici","item":"https:\/\/claretsabadell.cat\/es\/"},{"@type":"ListItem","position":2,"name":"Esports al Claret"}]},{"@type":"WebSite","@id":"https:\/\/claretsabadell.cat\/es\/#website","url":"https:\/\/claretsabadell.cat\/es\/","name":"Col\u00b7legi Claret","description":"Educaci\u00f3 infantil, educaci\u00f3 prim\u00e0ria, ESO a Sabadell","publisher":{"@id":"https:\/\/claretsabadell.cat\/es\/#organization"},"potentialAction":[{"@type":"SearchAction","target":{"@type":"EntryPoint","urlTemplate":"https:\/\/claretsabadell.cat\/es\/?s={search_term_string}"},"query-input":{"@type":"PropertyValueSpecification","valueRequired":true,"valueName":"search_term_string"}}],"inLanguage":"es"},{"@type":"Organization","@id":"https:\/\/claretsabadell.cat\/es\/#organization","name":"Col\u00b7legi Claret Sabadell","url":"https:\/\/claretsabadell.cat\/es\/","logo":{"@type":"ImageObject","inLanguage":"es","@id":"https:\/\/claretsabadell.cat\/es\/#\/schema\/logo\/image\/","url":"https:\/\/claretsabadell.cat\/wp-content\/uploads\/2020\/05\/claretsabadell.png","contentUrl":"https:\/\/claretsabadell.cat\/wp-content\/uploads\/2020\/05\/claretsabadell.png","width":296,"height":100,"caption":"Col\u00b7legi Claret Sabadell"},"image":{"@id":"https:\/\/claretsabadell.cat\/es\/#\/schema\/logo\/image\/"},"sameAs":["https:\/\/www.facebook.com\/ClaretSabadell\/","https:\/\/www.instagram.com\/claretsabadell\/"]},{"@type":"Person","@id":"https:\/\/claretsabadell.cat\/es\/#\/schema\/person\/f315154d39905b3522ddecf099fccf5d","name":"caparicio","image":{"@type":"ImageObject","inLanguage":"es","@id":"https:\/\/secure.gravatar.com\/avatar\/1a5a59b76215d6ec635473a4038e7764468a9056019dade3a5147f4a52850459?s=96&d=mm&r=g","url":"https:\/\/secure.gravatar.com\/avatar\/1a5a59b76215d6ec635473a4038e7764468a9056019dade3a5147f4a52850459?s=96&d=mm&r=g","contentUrl":"https:\/\/secure.gravatar.com\/avatar\/1a5a59b76215d6ec635473a4038e7764468a9056019dade3a5147f4a52850459?s=96&d=mm&r=g","caption":"caparicio"}}]}},"_links":{"self":[{"href":"https:\/\/claretsabadell.cat\/es\/wp-json\/wp\/v2\/posts\/1887","targetHints":{"allow":["GET"]}}],"collection":[{"href":"https:\/\/claretsabadell.cat\/es\/wp-json\/wp\/v2\/posts"}],"about":[{"href":"https:\/\/claretsabadell.cat\/es\/wp-json\/wp\/v2\/types\/post"}],"author":[{"embeddable":true,"href":"https:\/\/claretsabadell.cat\/es\/wp-json\/wp\/v2\/users\/2"}],"replies":[{"embeddable":true,"href":"https:\/\/claretsabadell.cat\/es\/wp-json\/wp\/v2\/comments?post=1887"}],"version-history":[{"count":0,"href":"https:\/\/claretsabadell.cat\/es\/wp-json\/wp\/v2\/posts\/1887\/revisions"}],"wp:attachment":[{"href":"https:\/\/claretsabadell.cat\/es\/wp-json\/wp\/v2\/media?parent=1887"}],"wp:term":[{"taxonomy":"category","embeddable":true,"href":"https:\/\/claretsabadell.cat\/es\/wp-json\/wp\/v2\/categories?post=1887"},{"taxonomy":"post_tag","embeddable":true,"href":"https:\/\/claretsabadell.cat\/es\/wp-json\/wp\/v2\/tags?post=1887"}],"curies":[{"name":"wp","href":"https:\/\/api.w.org\/{rel}","templated":true}]}}