{"id":1940,"date":"2016-06-24T09:58:06","date_gmt":"2016-06-24T09:58:06","guid":{"rendered":"https:\/\/claretsabadell.cat\/?p=1940"},"modified":"2016-06-24T09:58:06","modified_gmt":"2016-06-24T09:58:06","slug":"gimcana-final-de-curs","status":"publish","type":"post","link":"https:\/\/claretsabadell.cat\/es\/gimcana-final-de-curs\/","title":{"rendered":"Gimcana final de curs"},"content":{"rendered":"<p style=\"text-align: justify;\"><span style=\"font-family: arial, helvetica, sans-serif; font-size: 14pt; color: #000000;\">El 20 de juny, com a pre\u00e0mbul de l&#8217;\u00faltim dia de curs, els nens i nenes del Claret, des de P3 a 6\u00e8, <\/span><span style=\"font-family: arial, helvetica, sans-serif; font-size: 14pt; color: #000000;\">van gaudir d&#8217;una gran gimcana per tota l&#8217;escola.<a href=\"https:\/\/picasaweb.google.com\/111227726389085364548\/6298377111118745345?authuser=0&amp;feat=embedwebsite\"><img fetchpriority=\"high\" decoding=\"async\" class=\"alignright\" style=\"margin: 1px 0 0 4px;\" src=\"https:\/\/lh3.googleusercontent.com\/-ERD9jdm4BjE\/V2hUnMGvDwE\/AAAAAAAAAMc\/M9lEofdOOcwABn14ecmYRNApD0mJHTELQCCo\/s160-c\/6298377111118745345\" width=\"243\" height=\"243\" \/><\/a><\/span><\/p>\n<p style=\"text-align: justify;\"><span style=\"font-family: arial, helvetica, sans-serif; font-size: 14pt; color: #000000;\">Van superar diverses proves i els companys i companyes m\u00e9s grans van ajudar i van tenir cura dels m\u00e9s petits.<\/span><\/p>\n<p style=\"text-align: justify;\"><span style=\"font-family: arial, helvetica, sans-serif; font-size: 14pt; color: #000000;\">Un mat\u00ed fant\u00e0stic! Ple de diversi\u00f3, col\u00b7laboraci\u00f3 i companyonia.<\/span><\/p>\n","protected":false},"excerpt":{"rendered":"<p>El 20 de juny, com a pre\u00e0mbul de l&#8217;\u00faltim dia de curs, els nens i nenes del Claret, des de P3 a 6\u00e8, van gaudir d&#8217;una gran gimcana per tota l&#8217;escola. Van superar diverses proves i els companys i companyes m\u00e9s grans van ajudar i van tenir cura dels m\u00e9s petits. Un mat\u00ed fant\u00e0stic! Ple [&hellip;]<\/p>\n","protected":false},"author":2,"featured_media":0,"comment_status":"closed","ping_status":"closed","sticky":false,"template":"","format":"standard","meta":{"inline_featured_image":false,"_joinchat":[],"footnotes":""},"categories":[5],"tags":[],"class_list":["post-1940","post","type-post","status-publish","format-standard","hentry","category-noticies"],"yoast_head":"<!-- This site is optimized with the Yoast SEO plugin v27.5 - https:\/\/yoast.com\/product\/yoast-seo-wordpress\/ -->\n<title>Gimcana final de curs - Col\u00b7legi Claret<\/title>\n<meta name=\"robots\" content=\"index, follow, max-snippet:-1, max-image-preview:large, max-video-preview:-1\" \/>\n<link rel=\"canonical\" href=\"https:\/\/claretsabadell.cat\/es\/gimcana-final-de-curs\/\" \/>\n<meta property=\"og:locale\" content=\"es_ES\" \/>\n<meta property=\"og:type\" content=\"article\" \/>\n<meta property=\"og:title\" content=\"Gimcana final de curs - Col\u00b7legi Claret\" \/>\n<meta property=\"og:description\" content=\"El 20 de juny, com a pre\u00e0mbul de l&#8217;\u00faltim dia de curs, els nens i nenes del Claret, des de P3 a 6\u00e8, van gaudir d&#8217;una gran gimcana per tota l&#8217;escola. Van superar diverses proves i els companys i companyes m\u00e9s grans van ajudar i van tenir cura dels m\u00e9s petits. Un mat\u00ed fant\u00e0stic! Ple [&hellip;]\" \/>\n<meta property=\"og:url\" content=\"https:\/\/claretsabadell.cat\/es\/gimcana-final-de-curs\/\" \/>\n<meta property=\"og:site_name\" content=\"Col\u00b7legi Claret\" \/>\n<meta property=\"article:publisher\" content=\"https:\/\/www.facebook.com\/ClaretSabadell\/\" \/>\n<meta property=\"article:published_time\" content=\"2016-06-24T09:58:06+00:00\" \/>\n<meta property=\"og:image\" content=\"https:\/\/lh3.googleusercontent.com\/-ERD9jdm4BjE\/V2hUnMGvDwE\/AAAAAAAAAMc\/M9lEofdOOcwABn14ecmYRNApD0mJHTELQCCo\/s160-c\/6298377111118745345\" \/>\n<meta name=\"author\" content=\"caparicio\" \/>\n<meta name=\"twitter:label1\" content=\"Escrito por\" \/>\n\t<meta name=\"twitter:data1\" content=\"caparicio\" \/>\n<script type=\"application\/ld+json\" class=\"yoast-schema-graph\">{\"@context\":\"https:\\\/\\\/schema.org\",\"@graph\":[{\"@type\":\"Article\",\"@id\":\"https:\\\/\\\/claretsabadell.cat\\\/es\\\/gimcana-final-de-curs\\\/#article\",\"isPartOf\":{\"@id\":\"https:\\\/\\\/claretsabadell.cat\\\/es\\\/gimcana-final-de-curs\\\/\"},\"author\":{\"name\":\"caparicio\",\"@id\":\"https:\\\/\\\/claretsabadell.cat\\\/es\\\/#\\\/schema\\\/person\\\/f315154d39905b3522ddecf099fccf5d\"},\"headline\":\"Gimcana final de curs\",\"datePublished\":\"2016-06-24T09:58:06+00:00\",\"mainEntityOfPage\":{\"@id\":\"https:\\\/\\\/claretsabadell.cat\\\/es\\\/gimcana-final-de-curs\\\/\"},\"wordCount\":70,\"publisher\":{\"@id\":\"https:\\\/\\\/claretsabadell.cat\\\/es\\\/#organization\"},\"image\":{\"@id\":\"https:\\\/\\\/claretsabadell.cat\\\/es\\\/gimcana-final-de-curs\\\/#primaryimage\"},\"thumbnailUrl\":\"https:\\\/\\\/lh3.googleusercontent.com\\\/-ERD9jdm4BjE\\\/V2hUnMGvDwE\\\/AAAAAAAAAMc\\\/M9lEofdOOcwABn14ecmYRNApD0mJHTELQCCo\\\/s160-c\\\/6298377111118745345\",\"articleSection\":[\"Not\u00edcies\"],\"inLanguage\":\"es\"},{\"@type\":\"WebPage\",\"@id\":\"https:\\\/\\\/claretsabadell.cat\\\/es\\\/gimcana-final-de-curs\\\/\",\"url\":\"https:\\\/\\\/claretsabadell.cat\\\/es\\\/gimcana-final-de-curs\\\/\",\"name\":\"Gimcana final de curs - Col\u00b7legi Claret\",\"isPartOf\":{\"@id\":\"https:\\\/\\\/claretsabadell.cat\\\/es\\\/#website\"},\"primaryImageOfPage\":{\"@id\":\"https:\\\/\\\/claretsabadell.cat\\\/es\\\/gimcana-final-de-curs\\\/#primaryimage\"},\"image\":{\"@id\":\"https:\\\/\\\/claretsabadell.cat\\\/es\\\/gimcana-final-de-curs\\\/#primaryimage\"},\"thumbnailUrl\":\"https:\\\/\\\/lh3.googleusercontent.com\\\/-ERD9jdm4BjE\\\/V2hUnMGvDwE\\\/AAAAAAAAAMc\\\/M9lEofdOOcwABn14ecmYRNApD0mJHTELQCCo\\\/s160-c\\\/6298377111118745345\",\"datePublished\":\"2016-06-24T09:58:06+00:00\",\"breadcrumb\":{\"@id\":\"https:\\\/\\\/claretsabadell.cat\\\/es\\\/gimcana-final-de-curs\\\/#breadcrumb\"},\"inLanguage\":\"es\",\"potentialAction\":[{\"@type\":\"ReadAction\",\"target\":[\"https:\\\/\\\/claretsabadell.cat\\\/es\\\/gimcana-final-de-curs\\\/\"]}]},{\"@type\":\"ImageObject\",\"inLanguage\":\"es\",\"@id\":\"https:\\\/\\\/claretsabadell.cat\\\/es\\\/gimcana-final-de-curs\\\/#primaryimage\",\"url\":\"https:\\\/\\\/lh3.googleusercontent.com\\\/-ERD9jdm4BjE\\\/V2hUnMGvDwE\\\/AAAAAAAAAMc\\\/M9lEofdOOcwABn14ecmYRNApD0mJHTELQCCo\\\/s160-c\\\/6298377111118745345\",\"contentUrl\":\"https:\\\/\\\/lh3.googleusercontent.com\\\/-ERD9jdm4BjE\\\/V2hUnMGvDwE\\\/AAAAAAAAAMc\\\/M9lEofdOOcwABn14ecmYRNApD0mJHTELQCCo\\\/s160-c\\\/6298377111118745345\"},{\"@type\":\"BreadcrumbList\",\"@id\":\"https:\\\/\\\/claretsabadell.cat\\\/es\\\/gimcana-final-de-curs\\\/#breadcrumb\",\"itemListElement\":[{\"@type\":\"ListItem\",\"position\":1,\"name\":\"Inici\",\"item\":\"https:\\\/\\\/claretsabadell.cat\\\/es\\\/\"},{\"@type\":\"ListItem\",\"position\":2,\"name\":\"Gimcana final de curs\"}]},{\"@type\":\"WebSite\",\"@id\":\"https:\\\/\\\/claretsabadell.cat\\\/es\\\/#website\",\"url\":\"https:\\\/\\\/claretsabadell.cat\\\/es\\\/\",\"name\":\"Col\u00b7legi Claret\",\"description\":\"Educaci\u00f3 infantil, educaci\u00f3 prim\u00e0ria, ESO a Sabadell\",\"publisher\":{\"@id\":\"https:\\\/\\\/claretsabadell.cat\\\/es\\\/#organization\"},\"potentialAction\":[{\"@type\":\"SearchAction\",\"target\":{\"@type\":\"EntryPoint\",\"urlTemplate\":\"https:\\\/\\\/claretsabadell.cat\\\/es\\\/?s={search_term_string}\"},\"query-input\":{\"@type\":\"PropertyValueSpecification\",\"valueRequired\":true,\"valueName\":\"search_term_string\"}}],\"inLanguage\":\"es\"},{\"@type\":\"Organization\",\"@id\":\"https:\\\/\\\/claretsabadell.cat\\\/es\\\/#organization\",\"name\":\"Col\u00b7legi Claret Sabadell\",\"url\":\"https:\\\/\\\/claretsabadell.cat\\\/es\\\/\",\"logo\":{\"@type\":\"ImageObject\",\"inLanguage\":\"es\",\"@id\":\"https:\\\/\\\/claretsabadell.cat\\\/es\\\/#\\\/schema\\\/logo\\\/image\\\/\",\"url\":\"https:\\\/\\\/claretsabadell.cat\\\/wp-content\\\/uploads\\\/2020\\\/05\\\/claretsabadell.png\",\"contentUrl\":\"https:\\\/\\\/claretsabadell.cat\\\/wp-content\\\/uploads\\\/2020\\\/05\\\/claretsabadell.png\",\"width\":296,\"height\":100,\"caption\":\"Col\u00b7legi Claret Sabadell\"},\"image\":{\"@id\":\"https:\\\/\\\/claretsabadell.cat\\\/es\\\/#\\\/schema\\\/logo\\\/image\\\/\"},\"sameAs\":[\"https:\\\/\\\/www.facebook.com\\\/ClaretSabadell\\\/\",\"https:\\\/\\\/www.instagram.com\\\/claretsabadell\\\/\"]},{\"@type\":\"Person\",\"@id\":\"https:\\\/\\\/claretsabadell.cat\\\/es\\\/#\\\/schema\\\/person\\\/f315154d39905b3522ddecf099fccf5d\",\"name\":\"caparicio\",\"image\":{\"@type\":\"ImageObject\",\"inLanguage\":\"es\",\"@id\":\"https:\\\/\\\/secure.gravatar.com\\\/avatar\\\/1a5a59b76215d6ec635473a4038e7764468a9056019dade3a5147f4a52850459?s=96&d=mm&r=g\",\"url\":\"https:\\\/\\\/secure.gravatar.com\\\/avatar\\\/1a5a59b76215d6ec635473a4038e7764468a9056019dade3a5147f4a52850459?s=96&d=mm&r=g\",\"contentUrl\":\"https:\\\/\\\/secure.gravatar.com\\\/avatar\\\/1a5a59b76215d6ec635473a4038e7764468a9056019dade3a5147f4a52850459?s=96&d=mm&r=g\",\"caption\":\"caparicio\"}}]}<\/script>\n<!-- \/ Yoast SEO plugin. -->","yoast_head_json":{"title":"Gimcana final de curs - Col\u00b7legi Claret","robots":{"index":"index","follow":"follow","max-snippet":"max-snippet:-1","max-image-preview":"max-image-preview:large","max-video-preview":"max-video-preview:-1"},"canonical":"https:\/\/claretsabadell.cat\/es\/gimcana-final-de-curs\/","og_locale":"es_ES","og_type":"article","og_title":"Gimcana final de curs - Col\u00b7legi Claret","og_description":"El 20 de juny, com a pre\u00e0mbul de l&#8217;\u00faltim dia de curs, els nens i nenes del Claret, des de P3 a 6\u00e8, van gaudir d&#8217;una gran gimcana per tota l&#8217;escola. Van superar diverses proves i els companys i companyes m\u00e9s grans van ajudar i van tenir cura dels m\u00e9s petits. Un mat\u00ed fant\u00e0stic! Ple [&hellip;]","og_url":"https:\/\/claretsabadell.cat\/es\/gimcana-final-de-curs\/","og_site_name":"Col\u00b7legi Claret","article_publisher":"https:\/\/www.facebook.com\/ClaretSabadell\/","article_published_time":"2016-06-24T09:58:06+00:00","og_image":[{"url":"https:\/\/lh3.googleusercontent.com\/-ERD9jdm4BjE\/V2hUnMGvDwE\/AAAAAAAAAMc\/M9lEofdOOcwABn14ecmYRNApD0mJHTELQCCo\/s160-c\/6298377111118745345","type":"","width":"","height":""}],"author":"caparicio","twitter_misc":{"Escrito por":"caparicio"},"schema":{"@context":"https:\/\/schema.org","@graph":[{"@type":"Article","@id":"https:\/\/claretsabadell.cat\/es\/gimcana-final-de-curs\/#article","isPartOf":{"@id":"https:\/\/claretsabadell.cat\/es\/gimcana-final-de-curs\/"},"author":{"name":"caparicio","@id":"https:\/\/claretsabadell.cat\/es\/#\/schema\/person\/f315154d39905b3522ddecf099fccf5d"},"headline":"Gimcana final de curs","datePublished":"2016-06-24T09:58:06+00:00","mainEntityOfPage":{"@id":"https:\/\/claretsabadell.cat\/es\/gimcana-final-de-curs\/"},"wordCount":70,"publisher":{"@id":"https:\/\/claretsabadell.cat\/es\/#organization"},"image":{"@id":"https:\/\/claretsabadell.cat\/es\/gimcana-final-de-curs\/#primaryimage"},"thumbnailUrl":"https:\/\/lh3.googleusercontent.com\/-ERD9jdm4BjE\/V2hUnMGvDwE\/AAAAAAAAAMc\/M9lEofdOOcwABn14ecmYRNApD0mJHTELQCCo\/s160-c\/6298377111118745345","articleSection":["Not\u00edcies"],"inLanguage":"es"},{"@type":"WebPage","@id":"https:\/\/claretsabadell.cat\/es\/gimcana-final-de-curs\/","url":"https:\/\/claretsabadell.cat\/es\/gimcana-final-de-curs\/","name":"Gimcana final de curs - Col\u00b7legi Claret","isPartOf":{"@id":"https:\/\/claretsabadell.cat\/es\/#website"},"primaryImageOfPage":{"@id":"https:\/\/claretsabadell.cat\/es\/gimcana-final-de-curs\/#primaryimage"},"image":{"@id":"https:\/\/claretsabadell.cat\/es\/gimcana-final-de-curs\/#primaryimage"},"thumbnailUrl":"https:\/\/lh3.googleusercontent.com\/-ERD9jdm4BjE\/V2hUnMGvDwE\/AAAAAAAAAMc\/M9lEofdOOcwABn14ecmYRNApD0mJHTELQCCo\/s160-c\/6298377111118745345","datePublished":"2016-06-24T09:58:06+00:00","breadcrumb":{"@id":"https:\/\/claretsabadell.cat\/es\/gimcana-final-de-curs\/#breadcrumb"},"inLanguage":"es","potentialAction":[{"@type":"ReadAction","target":["https:\/\/claretsabadell.cat\/es\/gimcana-final-de-curs\/"]}]},{"@type":"ImageObject","inLanguage":"es","@id":"https:\/\/claretsabadell.cat\/es\/gimcana-final-de-curs\/#primaryimage","url":"https:\/\/lh3.googleusercontent.com\/-ERD9jdm4BjE\/V2hUnMGvDwE\/AAAAAAAAAMc\/M9lEofdOOcwABn14ecmYRNApD0mJHTELQCCo\/s160-c\/6298377111118745345","contentUrl":"https:\/\/lh3.googleusercontent.com\/-ERD9jdm4BjE\/V2hUnMGvDwE\/AAAAAAAAAMc\/M9lEofdOOcwABn14ecmYRNApD0mJHTELQCCo\/s160-c\/6298377111118745345"},{"@type":"BreadcrumbList","@id":"https:\/\/claretsabadell.cat\/es\/gimcana-final-de-curs\/#breadcrumb","itemListElement":[{"@type":"ListItem","position":1,"name":"Inici","item":"https:\/\/claretsabadell.cat\/es\/"},{"@type":"ListItem","position":2,"name":"Gimcana final de curs"}]},{"@type":"WebSite","@id":"https:\/\/claretsabadell.cat\/es\/#website","url":"https:\/\/claretsabadell.cat\/es\/","name":"Col\u00b7legi Claret","description":"Educaci\u00f3 infantil, educaci\u00f3 prim\u00e0ria, ESO a Sabadell","publisher":{"@id":"https:\/\/claretsabadell.cat\/es\/#organization"},"potentialAction":[{"@type":"SearchAction","target":{"@type":"EntryPoint","urlTemplate":"https:\/\/claretsabadell.cat\/es\/?s={search_term_string}"},"query-input":{"@type":"PropertyValueSpecification","valueRequired":true,"valueName":"search_term_string"}}],"inLanguage":"es"},{"@type":"Organization","@id":"https:\/\/claretsabadell.cat\/es\/#organization","name":"Col\u00b7legi Claret Sabadell","url":"https:\/\/claretsabadell.cat\/es\/","logo":{"@type":"ImageObject","inLanguage":"es","@id":"https:\/\/claretsabadell.cat\/es\/#\/schema\/logo\/image\/","url":"https:\/\/claretsabadell.cat\/wp-content\/uploads\/2020\/05\/claretsabadell.png","contentUrl":"https:\/\/claretsabadell.cat\/wp-content\/uploads\/2020\/05\/claretsabadell.png","width":296,"height":100,"caption":"Col\u00b7legi Claret Sabadell"},"image":{"@id":"https:\/\/claretsabadell.cat\/es\/#\/schema\/logo\/image\/"},"sameAs":["https:\/\/www.facebook.com\/ClaretSabadell\/","https:\/\/www.instagram.com\/claretsabadell\/"]},{"@type":"Person","@id":"https:\/\/claretsabadell.cat\/es\/#\/schema\/person\/f315154d39905b3522ddecf099fccf5d","name":"caparicio","image":{"@type":"ImageObject","inLanguage":"es","@id":"https:\/\/secure.gravatar.com\/avatar\/1a5a59b76215d6ec635473a4038e7764468a9056019dade3a5147f4a52850459?s=96&d=mm&r=g","url":"https:\/\/secure.gravatar.com\/avatar\/1a5a59b76215d6ec635473a4038e7764468a9056019dade3a5147f4a52850459?s=96&d=mm&r=g","contentUrl":"https:\/\/secure.gravatar.com\/avatar\/1a5a59b76215d6ec635473a4038e7764468a9056019dade3a5147f4a52850459?s=96&d=mm&r=g","caption":"caparicio"}}]}},"_links":{"self":[{"href":"https:\/\/claretsabadell.cat\/es\/wp-json\/wp\/v2\/posts\/1940","targetHints":{"allow":["GET"]}}],"collection":[{"href":"https:\/\/claretsabadell.cat\/es\/wp-json\/wp\/v2\/posts"}],"about":[{"href":"https:\/\/claretsabadell.cat\/es\/wp-json\/wp\/v2\/types\/post"}],"author":[{"embeddable":true,"href":"https:\/\/claretsabadell.cat\/es\/wp-json\/wp\/v2\/users\/2"}],"replies":[{"embeddable":true,"href":"https:\/\/claretsabadell.cat\/es\/wp-json\/wp\/v2\/comments?post=1940"}],"version-history":[{"count":0,"href":"https:\/\/claretsabadell.cat\/es\/wp-json\/wp\/v2\/posts\/1940\/revisions"}],"wp:attachment":[{"href":"https:\/\/claretsabadell.cat\/es\/wp-json\/wp\/v2\/media?parent=1940"}],"wp:term":[{"taxonomy":"category","embeddable":true,"href":"https:\/\/claretsabadell.cat\/es\/wp-json\/wp\/v2\/categories?post=1940"},{"taxonomy":"post_tag","embeddable":true,"href":"https:\/\/claretsabadell.cat\/es\/wp-json\/wp\/v2\/tags?post=1940"}],"curies":[{"name":"wp","href":"https:\/\/api.w.org\/{rel}","templated":true}]}}