{"id":2544,"date":"2017-06-06T22:18:37","date_gmt":"2017-06-06T22:18:37","guid":{"rendered":"https:\/\/claretsabadell.cat\/?p=2544"},"modified":"2017-06-06T22:18:37","modified_gmt":"2017-06-06T22:18:37","slug":"premis-del-1r-concurs-relata","status":"publish","type":"post","link":"https:\/\/claretsabadell.cat\/es\/premis-del-1r-concurs-relata\/","title":{"rendered":"Premis del 1r concurs Relata"},"content":{"rendered":"<p style=\"text-align: justify;\"><span style=\"font-size: 14pt;\"><span style=\"font-family: arial, helvetica, sans-serif; color: #000000;\">Com ja us vam explicar, el passat mes de mar\u00e7, els nens i les nenes de 5\u00e8 van participar en un \u00a0taller organitzat per Andi \u00a0Down Sabadell, que s\u2019emmarcava dins del projecte Relata. Constava de dues activitats: \u00a0la primera de\u00a0\u00a0sensibilitzaci\u00f3 i la segona de creaci\u00f3, en la que els infants havien de crear un conte que hi surt\u00eds alg<a href=\"https:\/\/claretsabadell.cat\/wp-content\/uploads\/2017\/06\/IMG-20170606-WA0017.jpg\"><img fetchpriority=\"high\" decoding=\"async\" class=\"wp-image-2547 alignleft\" src=\"https:\/\/claretsabadell.cat\/wp-content\/uploads\/2017\/06\/IMG-20170606-WA0017-300x225.jpg\" alt=\"\" width=\"363\" height=\"272\" \/><\/a>un personatge amb discapacitat intel\u00b7lectual i aix\u00ed poder participar en el 1r concurs de contes organitzat per Andi Down.<\/span><\/span><\/p>\n<p style=\"text-align: justify;\"><span style=\"font-size: 14pt;\"><span style=\"font-family: arial, helvetica, sans-serif; color: #000000;\">Ahir, 6 de juny, es van\u00a0lliurar els premis d&#8217;aquest\u00a0concurs. Tots els alumnes \u00a0van rebre un diploma de participaci\u00f3 i tres de la nostra escola, entre d&#8217;altres, van ser guardonats:<\/span><\/span><\/p>\n<p><span style=\"font-family: arial, helvetica, sans-serif; font-size: 14pt; color: #000000;\">\u00a0 \u00a0 \u00a01r premi : Irene Asensio<\/span><\/p>\n<p><span style=\"font-family: arial, helvetica, sans-serif; font-size: 14pt; color: #000000;\">\u00a0 \u00a0 \u00a02n premi: Diego Villena<\/span><\/p>\n<p><span style=\"font-family: arial, helvetica, sans-serif; font-size: 14pt;\"><span style=\"color: #000000;\">\u00a0 \u00a0 \u00a03r premi: Cl\u00e0udia Spotorno<\/span><\/span><\/p>\n<p><span style=\"font-family: arial, helvetica, sans-serif; font-size: 14pt;\">\u00a0<\/span>\u00a0\u00a0 \u00a0 \u00a0 \u00a0 \u00a0 \u00a0 \u00a0 \u00a0 \u00a0 \u00a0 \u00a0 \u00a0 \u00a0 \u00a0 \u00a0 \u00a0 \u00a0 \u00a0 \u00a0 \u00a0 \u00a0 \u00a0 \u00a0 \u00a0 \u00a0 \u00a0 \u00a0\u00a0<a style=\"color: #000000;\" href=\"https:\/\/claretsabadell.cat\/wp-content\/uploads\/2017\/06\/IMG-20170606-WA0008.jpg\"><img decoding=\"async\" class=\"wp-image-2546 alignleft lazyload\" data-src=\"https:\/\/claretsabadell.cat\/wp-content\/uploads\/2017\/06\/IMG-20170606-WA0008-300x225.jpg\" alt=\"\" width=\"356\" height=\"268\" src=\"data:image\/svg+xml;base64,PHN2ZyB3aWR0aD0iMSIgaGVpZ2h0PSIxIiB4bWxucz0iaHR0cDovL3d3dy53My5vcmcvMjAwMC9zdmciPjwvc3ZnPg==\" style=\"--smush-placeholder-width: 356px; --smush-placeholder-aspect-ratio: 356\/268;\" \/><\/a><a href=\"https:\/\/claretsabadell.cat\/wp-content\/uploads\/2017\/06\/IMG-20170606-WA0003.jpg\"><img decoding=\"async\" class=\"wp-image-2545 alignleft lazyload\" data-src=\"https:\/\/claretsabadell.cat\/wp-content\/uploads\/2017\/06\/IMG-20170606-WA0003-300x225.jpg\" alt=\"\" width=\"361\" height=\"271\" src=\"data:image\/svg+xml;base64,PHN2ZyB3aWR0aD0iMSIgaGVpZ2h0PSIxIiB4bWxucz0iaHR0cDovL3d3dy53My5vcmcvMjAwMC9zdmciPjwvc3ZnPg==\" style=\"--smush-placeholder-width: 361px; --smush-placeholder-aspect-ratio: 361\/271;\" \/><\/a><\/p>\n<p>&nbsp;<\/p>\n","protected":false},"excerpt":{"rendered":"<p>Com ja us vam explicar, el passat mes de mar\u00e7, els nens i les nenes de 5\u00e8 van participar en un \u00a0taller organitzat per Andi \u00a0Down Sabadell, que s\u2019emmarcava dins del projecte Relata. Constava de dues activitats: \u00a0la primera de\u00a0\u00a0sensibilitzaci\u00f3 i la segona de creaci\u00f3, en la que els infants havien de crear un conte [&hellip;]<\/p>\n","protected":false},"author":2,"featured_media":0,"comment_status":"closed","ping_status":"closed","sticky":false,"template":"","format":"standard","meta":{"inline_featured_image":false,"_joinchat":[],"footnotes":""},"categories":[5],"tags":[],"class_list":["post-2544","post","type-post","status-publish","format-standard","hentry","category-noticies"],"yoast_head":"<!-- This site is optimized with the Yoast SEO plugin v27.5 - https:\/\/yoast.com\/product\/yoast-seo-wordpress\/ -->\n<title>Premis del 1r concurs Relata - Col\u00b7legi Claret<\/title>\n<meta name=\"robots\" content=\"index, follow, max-snippet:-1, max-image-preview:large, max-video-preview:-1\" \/>\n<link rel=\"canonical\" href=\"https:\/\/claretsabadell.cat\/es\/premis-del-1r-concurs-relata\/\" \/>\n<meta property=\"og:locale\" content=\"es_ES\" \/>\n<meta property=\"og:type\" content=\"article\" \/>\n<meta property=\"og:title\" content=\"Premis del 1r concurs Relata - Col\u00b7legi Claret\" \/>\n<meta property=\"og:description\" content=\"Com ja us vam explicar, el passat mes de mar\u00e7, els nens i les nenes de 5\u00e8 van participar en un \u00a0taller organitzat per Andi \u00a0Down Sabadell, que s\u2019emmarcava dins del projecte Relata. Constava de dues activitats: \u00a0la primera de\u00a0\u00a0sensibilitzaci\u00f3 i la segona de creaci\u00f3, en la que els infants havien de crear un conte [&hellip;]\" \/>\n<meta property=\"og:url\" content=\"https:\/\/claretsabadell.cat\/es\/premis-del-1r-concurs-relata\/\" \/>\n<meta property=\"og:site_name\" content=\"Col\u00b7legi Claret\" \/>\n<meta property=\"article:publisher\" content=\"https:\/\/www.facebook.com\/ClaretSabadell\/\" \/>\n<meta property=\"article:published_time\" content=\"2017-06-06T22:18:37+00:00\" \/>\n<meta property=\"og:image\" content=\"https:\/\/claretsabadell.cat\/wp-content\/uploads\/2017\/06\/IMG-20170606-WA0017-300x225.jpg\" \/>\n<meta name=\"author\" content=\"caparicio\" \/>\n<meta name=\"twitter:label1\" content=\"Escrito por\" \/>\n\t<meta name=\"twitter:data1\" content=\"caparicio\" \/>\n\t<meta name=\"twitter:label2\" content=\"Tiempo de lectura\" \/>\n\t<meta name=\"twitter:data2\" content=\"1 minuto\" \/>\n<script type=\"application\/ld+json\" class=\"yoast-schema-graph\">{\"@context\":\"https:\\\/\\\/schema.org\",\"@graph\":[{\"@type\":\"Article\",\"@id\":\"https:\\\/\\\/claretsabadell.cat\\\/es\\\/premis-del-1r-concurs-relata\\\/#article\",\"isPartOf\":{\"@id\":\"https:\\\/\\\/claretsabadell.cat\\\/es\\\/premis-del-1r-concurs-relata\\\/\"},\"author\":{\"name\":\"caparicio\",\"@id\":\"https:\\\/\\\/claretsabadell.cat\\\/es\\\/#\\\/schema\\\/person\\\/f315154d39905b3522ddecf099fccf5d\"},\"headline\":\"Premis del 1r concurs Relata\",\"datePublished\":\"2017-06-06T22:18:37+00:00\",\"mainEntityOfPage\":{\"@id\":\"https:\\\/\\\/claretsabadell.cat\\\/es\\\/premis-del-1r-concurs-relata\\\/\"},\"wordCount\":132,\"publisher\":{\"@id\":\"https:\\\/\\\/claretsabadell.cat\\\/es\\\/#organization\"},\"image\":{\"@id\":\"https:\\\/\\\/claretsabadell.cat\\\/es\\\/premis-del-1r-concurs-relata\\\/#primaryimage\"},\"thumbnailUrl\":\"https:\\\/\\\/claretsabadell.cat\\\/wp-content\\\/uploads\\\/2017\\\/06\\\/IMG-20170606-WA0017-300x225.jpg\",\"articleSection\":[\"Not\u00edcies\"],\"inLanguage\":\"es\"},{\"@type\":\"WebPage\",\"@id\":\"https:\\\/\\\/claretsabadell.cat\\\/es\\\/premis-del-1r-concurs-relata\\\/\",\"url\":\"https:\\\/\\\/claretsabadell.cat\\\/es\\\/premis-del-1r-concurs-relata\\\/\",\"name\":\"Premis del 1r concurs Relata - Col\u00b7legi Claret\",\"isPartOf\":{\"@id\":\"https:\\\/\\\/claretsabadell.cat\\\/es\\\/#website\"},\"primaryImageOfPage\":{\"@id\":\"https:\\\/\\\/claretsabadell.cat\\\/es\\\/premis-del-1r-concurs-relata\\\/#primaryimage\"},\"image\":{\"@id\":\"https:\\\/\\\/claretsabadell.cat\\\/es\\\/premis-del-1r-concurs-relata\\\/#primaryimage\"},\"thumbnailUrl\":\"https:\\\/\\\/claretsabadell.cat\\\/wp-content\\\/uploads\\\/2017\\\/06\\\/IMG-20170606-WA0017-300x225.jpg\",\"datePublished\":\"2017-06-06T22:18:37+00:00\",\"breadcrumb\":{\"@id\":\"https:\\\/\\\/claretsabadell.cat\\\/es\\\/premis-del-1r-concurs-relata\\\/#breadcrumb\"},\"inLanguage\":\"es\",\"potentialAction\":[{\"@type\":\"ReadAction\",\"target\":[\"https:\\\/\\\/claretsabadell.cat\\\/es\\\/premis-del-1r-concurs-relata\\\/\"]}]},{\"@type\":\"ImageObject\",\"inLanguage\":\"es\",\"@id\":\"https:\\\/\\\/claretsabadell.cat\\\/es\\\/premis-del-1r-concurs-relata\\\/#primaryimage\",\"url\":\"https:\\\/\\\/claretsabadell.cat\\\/wp-content\\\/uploads\\\/2017\\\/06\\\/IMG-20170606-WA0017-300x225.jpg\",\"contentUrl\":\"https:\\\/\\\/claretsabadell.cat\\\/wp-content\\\/uploads\\\/2017\\\/06\\\/IMG-20170606-WA0017-300x225.jpg\"},{\"@type\":\"BreadcrumbList\",\"@id\":\"https:\\\/\\\/claretsabadell.cat\\\/es\\\/premis-del-1r-concurs-relata\\\/#breadcrumb\",\"itemListElement\":[{\"@type\":\"ListItem\",\"position\":1,\"name\":\"Inici\",\"item\":\"https:\\\/\\\/claretsabadell.cat\\\/es\\\/\"},{\"@type\":\"ListItem\",\"position\":2,\"name\":\"Premis del 1r concurs Relata\"}]},{\"@type\":\"WebSite\",\"@id\":\"https:\\\/\\\/claretsabadell.cat\\\/es\\\/#website\",\"url\":\"https:\\\/\\\/claretsabadell.cat\\\/es\\\/\",\"name\":\"Col\u00b7legi Claret\",\"description\":\"Educaci\u00f3 infantil, educaci\u00f3 prim\u00e0ria, ESO a Sabadell\",\"publisher\":{\"@id\":\"https:\\\/\\\/claretsabadell.cat\\\/es\\\/#organization\"},\"potentialAction\":[{\"@type\":\"SearchAction\",\"target\":{\"@type\":\"EntryPoint\",\"urlTemplate\":\"https:\\\/\\\/claretsabadell.cat\\\/es\\\/?s={search_term_string}\"},\"query-input\":{\"@type\":\"PropertyValueSpecification\",\"valueRequired\":true,\"valueName\":\"search_term_string\"}}],\"inLanguage\":\"es\"},{\"@type\":\"Organization\",\"@id\":\"https:\\\/\\\/claretsabadell.cat\\\/es\\\/#organization\",\"name\":\"Col\u00b7legi Claret Sabadell\",\"url\":\"https:\\\/\\\/claretsabadell.cat\\\/es\\\/\",\"logo\":{\"@type\":\"ImageObject\",\"inLanguage\":\"es\",\"@id\":\"https:\\\/\\\/claretsabadell.cat\\\/es\\\/#\\\/schema\\\/logo\\\/image\\\/\",\"url\":\"https:\\\/\\\/claretsabadell.cat\\\/wp-content\\\/uploads\\\/2020\\\/05\\\/claretsabadell.png\",\"contentUrl\":\"https:\\\/\\\/claretsabadell.cat\\\/wp-content\\\/uploads\\\/2020\\\/05\\\/claretsabadell.png\",\"width\":296,\"height\":100,\"caption\":\"Col\u00b7legi Claret Sabadell\"},\"image\":{\"@id\":\"https:\\\/\\\/claretsabadell.cat\\\/es\\\/#\\\/schema\\\/logo\\\/image\\\/\"},\"sameAs\":[\"https:\\\/\\\/www.facebook.com\\\/ClaretSabadell\\\/\",\"https:\\\/\\\/www.instagram.com\\\/claretsabadell\\\/\"]},{\"@type\":\"Person\",\"@id\":\"https:\\\/\\\/claretsabadell.cat\\\/es\\\/#\\\/schema\\\/person\\\/f315154d39905b3522ddecf099fccf5d\",\"name\":\"caparicio\",\"image\":{\"@type\":\"ImageObject\",\"inLanguage\":\"es\",\"@id\":\"https:\\\/\\\/secure.gravatar.com\\\/avatar\\\/1a5a59b76215d6ec635473a4038e7764468a9056019dade3a5147f4a52850459?s=96&d=mm&r=g\",\"url\":\"https:\\\/\\\/secure.gravatar.com\\\/avatar\\\/1a5a59b76215d6ec635473a4038e7764468a9056019dade3a5147f4a52850459?s=96&d=mm&r=g\",\"contentUrl\":\"https:\\\/\\\/secure.gravatar.com\\\/avatar\\\/1a5a59b76215d6ec635473a4038e7764468a9056019dade3a5147f4a52850459?s=96&d=mm&r=g\",\"caption\":\"caparicio\"}}]}<\/script>\n<!-- \/ Yoast SEO plugin. -->","yoast_head_json":{"title":"Premis del 1r concurs Relata - Col\u00b7legi Claret","robots":{"index":"index","follow":"follow","max-snippet":"max-snippet:-1","max-image-preview":"max-image-preview:large","max-video-preview":"max-video-preview:-1"},"canonical":"https:\/\/claretsabadell.cat\/es\/premis-del-1r-concurs-relata\/","og_locale":"es_ES","og_type":"article","og_title":"Premis del 1r concurs Relata - Col\u00b7legi Claret","og_description":"Com ja us vam explicar, el passat mes de mar\u00e7, els nens i les nenes de 5\u00e8 van participar en un \u00a0taller organitzat per Andi \u00a0Down Sabadell, que s\u2019emmarcava dins del projecte Relata. Constava de dues activitats: \u00a0la primera de\u00a0\u00a0sensibilitzaci\u00f3 i la segona de creaci\u00f3, en la que els infants havien de crear un conte [&hellip;]","og_url":"https:\/\/claretsabadell.cat\/es\/premis-del-1r-concurs-relata\/","og_site_name":"Col\u00b7legi Claret","article_publisher":"https:\/\/www.facebook.com\/ClaretSabadell\/","article_published_time":"2017-06-06T22:18:37+00:00","og_image":[{"url":"https:\/\/claretsabadell.cat\/wp-content\/uploads\/2017\/06\/IMG-20170606-WA0017-300x225.jpg","type":"","width":"","height":""}],"author":"caparicio","twitter_misc":{"Escrito por":"caparicio","Tiempo de lectura":"1 minuto"},"schema":{"@context":"https:\/\/schema.org","@graph":[{"@type":"Article","@id":"https:\/\/claretsabadell.cat\/es\/premis-del-1r-concurs-relata\/#article","isPartOf":{"@id":"https:\/\/claretsabadell.cat\/es\/premis-del-1r-concurs-relata\/"},"author":{"name":"caparicio","@id":"https:\/\/claretsabadell.cat\/es\/#\/schema\/person\/f315154d39905b3522ddecf099fccf5d"},"headline":"Premis del 1r concurs Relata","datePublished":"2017-06-06T22:18:37+00:00","mainEntityOfPage":{"@id":"https:\/\/claretsabadell.cat\/es\/premis-del-1r-concurs-relata\/"},"wordCount":132,"publisher":{"@id":"https:\/\/claretsabadell.cat\/es\/#organization"},"image":{"@id":"https:\/\/claretsabadell.cat\/es\/premis-del-1r-concurs-relata\/#primaryimage"},"thumbnailUrl":"https:\/\/claretsabadell.cat\/wp-content\/uploads\/2017\/06\/IMG-20170606-WA0017-300x225.jpg","articleSection":["Not\u00edcies"],"inLanguage":"es"},{"@type":"WebPage","@id":"https:\/\/claretsabadell.cat\/es\/premis-del-1r-concurs-relata\/","url":"https:\/\/claretsabadell.cat\/es\/premis-del-1r-concurs-relata\/","name":"Premis del 1r concurs Relata - Col\u00b7legi Claret","isPartOf":{"@id":"https:\/\/claretsabadell.cat\/es\/#website"},"primaryImageOfPage":{"@id":"https:\/\/claretsabadell.cat\/es\/premis-del-1r-concurs-relata\/#primaryimage"},"image":{"@id":"https:\/\/claretsabadell.cat\/es\/premis-del-1r-concurs-relata\/#primaryimage"},"thumbnailUrl":"https:\/\/claretsabadell.cat\/wp-content\/uploads\/2017\/06\/IMG-20170606-WA0017-300x225.jpg","datePublished":"2017-06-06T22:18:37+00:00","breadcrumb":{"@id":"https:\/\/claretsabadell.cat\/es\/premis-del-1r-concurs-relata\/#breadcrumb"},"inLanguage":"es","potentialAction":[{"@type":"ReadAction","target":["https:\/\/claretsabadell.cat\/es\/premis-del-1r-concurs-relata\/"]}]},{"@type":"ImageObject","inLanguage":"es","@id":"https:\/\/claretsabadell.cat\/es\/premis-del-1r-concurs-relata\/#primaryimage","url":"https:\/\/claretsabadell.cat\/wp-content\/uploads\/2017\/06\/IMG-20170606-WA0017-300x225.jpg","contentUrl":"https:\/\/claretsabadell.cat\/wp-content\/uploads\/2017\/06\/IMG-20170606-WA0017-300x225.jpg"},{"@type":"BreadcrumbList","@id":"https:\/\/claretsabadell.cat\/es\/premis-del-1r-concurs-relata\/#breadcrumb","itemListElement":[{"@type":"ListItem","position":1,"name":"Inici","item":"https:\/\/claretsabadell.cat\/es\/"},{"@type":"ListItem","position":2,"name":"Premis del 1r concurs Relata"}]},{"@type":"WebSite","@id":"https:\/\/claretsabadell.cat\/es\/#website","url":"https:\/\/claretsabadell.cat\/es\/","name":"Col\u00b7legi Claret","description":"Educaci\u00f3 infantil, educaci\u00f3 prim\u00e0ria, ESO a Sabadell","publisher":{"@id":"https:\/\/claretsabadell.cat\/es\/#organization"},"potentialAction":[{"@type":"SearchAction","target":{"@type":"EntryPoint","urlTemplate":"https:\/\/claretsabadell.cat\/es\/?s={search_term_string}"},"query-input":{"@type":"PropertyValueSpecification","valueRequired":true,"valueName":"search_term_string"}}],"inLanguage":"es"},{"@type":"Organization","@id":"https:\/\/claretsabadell.cat\/es\/#organization","name":"Col\u00b7legi Claret Sabadell","url":"https:\/\/claretsabadell.cat\/es\/","logo":{"@type":"ImageObject","inLanguage":"es","@id":"https:\/\/claretsabadell.cat\/es\/#\/schema\/logo\/image\/","url":"https:\/\/claretsabadell.cat\/wp-content\/uploads\/2020\/05\/claretsabadell.png","contentUrl":"https:\/\/claretsabadell.cat\/wp-content\/uploads\/2020\/05\/claretsabadell.png","width":296,"height":100,"caption":"Col\u00b7legi Claret Sabadell"},"image":{"@id":"https:\/\/claretsabadell.cat\/es\/#\/schema\/logo\/image\/"},"sameAs":["https:\/\/www.facebook.com\/ClaretSabadell\/","https:\/\/www.instagram.com\/claretsabadell\/"]},{"@type":"Person","@id":"https:\/\/claretsabadell.cat\/es\/#\/schema\/person\/f315154d39905b3522ddecf099fccf5d","name":"caparicio","image":{"@type":"ImageObject","inLanguage":"es","@id":"https:\/\/secure.gravatar.com\/avatar\/1a5a59b76215d6ec635473a4038e7764468a9056019dade3a5147f4a52850459?s=96&d=mm&r=g","url":"https:\/\/secure.gravatar.com\/avatar\/1a5a59b76215d6ec635473a4038e7764468a9056019dade3a5147f4a52850459?s=96&d=mm&r=g","contentUrl":"https:\/\/secure.gravatar.com\/avatar\/1a5a59b76215d6ec635473a4038e7764468a9056019dade3a5147f4a52850459?s=96&d=mm&r=g","caption":"caparicio"}}]}},"_links":{"self":[{"href":"https:\/\/claretsabadell.cat\/es\/wp-json\/wp\/v2\/posts\/2544","targetHints":{"allow":["GET"]}}],"collection":[{"href":"https:\/\/claretsabadell.cat\/es\/wp-json\/wp\/v2\/posts"}],"about":[{"href":"https:\/\/claretsabadell.cat\/es\/wp-json\/wp\/v2\/types\/post"}],"author":[{"embeddable":true,"href":"https:\/\/claretsabadell.cat\/es\/wp-json\/wp\/v2\/users\/2"}],"replies":[{"embeddable":true,"href":"https:\/\/claretsabadell.cat\/es\/wp-json\/wp\/v2\/comments?post=2544"}],"version-history":[{"count":0,"href":"https:\/\/claretsabadell.cat\/es\/wp-json\/wp\/v2\/posts\/2544\/revisions"}],"wp:attachment":[{"href":"https:\/\/claretsabadell.cat\/es\/wp-json\/wp\/v2\/media?parent=2544"}],"wp:term":[{"taxonomy":"category","embeddable":true,"href":"https:\/\/claretsabadell.cat\/es\/wp-json\/wp\/v2\/categories?post=2544"},{"taxonomy":"post_tag","embeddable":true,"href":"https:\/\/claretsabadell.cat\/es\/wp-json\/wp\/v2\/tags?post=2544"}],"curies":[{"name":"wp","href":"https:\/\/api.w.org\/{rel}","templated":true}]}}