{"id":2876,"date":"2018-01-05T20:27:21","date_gmt":"2018-01-05T20:27:21","guid":{"rendered":"https:\/\/claretsabadell.cat\/?p=2876"},"modified":"2018-01-05T20:27:21","modified_gmt":"2018-01-05T20:27:21","slug":"lambaixador-dels-reis-dorient","status":"publish","type":"post","link":"https:\/\/claretsabadell.cat\/es\/lambaixador-dels-reis-dorient\/","title":{"rendered":"L&#8217;ambaixador dels Reis d&#8217;Orient"},"content":{"rendered":"<p><span style=\"font-family: arial, helvetica, sans-serif; font-size: 14pt; color: #000000;\">Ahir, el col\u00b7legi Claret va rebre una visita excepcional, la de l&#8217;ambaixador reial. <\/span><\/p>\n<p><span style=\"font-family: arial, helvetica, sans-serif; font-size: 14pt; color: #000000;\">Els nens i les nenes li van lliurar les seves cartes i s&#8217;Excel\u00b7l\u00e8ncia els va escoltar amb atenci\u00f3\u00a0 per poder transmetre a ses majestats totes les il\u00b7lusions i desitjos.<\/span><\/p>\n<p><a href=\"https:\/\/claretsabadell.cat\/wp-content\/uploads\/2018\/01\/IMG_20180105_063521.jpg\"><img fetchpriority=\"high\" decoding=\"async\" class=\"alignnone wp-image-2877\" src=\"https:\/\/claretsabadell.cat\/wp-content\/uploads\/2018\/01\/IMG_20180105_063521-256x300.jpg\" alt=\"\" width=\"265\" height=\"310\" \/><\/a> <a href=\"https:\/\/claretsabadell.cat\/wp-content\/uploads\/2018\/01\/IMG_20180105_063623.jpg\"><img decoding=\"async\" class=\"alignnone wp-image-2878 lazyload\" data-src=\"https:\/\/claretsabadell.cat\/wp-content\/uploads\/2018\/01\/IMG_20180105_063623-215x300.jpg\" alt=\"\" width=\"242\" height=\"338\" src=\"data:image\/svg+xml;base64,PHN2ZyB3aWR0aD0iMSIgaGVpZ2h0PSIxIiB4bWxucz0iaHR0cDovL3d3dy53My5vcmcvMjAwMC9zdmciPjwvc3ZnPg==\" style=\"--smush-placeholder-width: 242px; --smush-placeholder-aspect-ratio: 242\/338;\" \/><\/a> <a href=\"https:\/\/claretsabadell.cat\/wp-content\/uploads\/2018\/01\/IMG_20180105_063703.jpg\"><img decoding=\"async\" class=\"wp-image-2879 alignleft lazyload\" data-src=\"https:\/\/claretsabadell.cat\/wp-content\/uploads\/2018\/01\/IMG_20180105_063703-253x300.jpg\" alt=\"\" width=\"261\" height=\"309\" src=\"data:image\/svg+xml;base64,PHN2ZyB3aWR0aD0iMSIgaGVpZ2h0PSIxIiB4bWxucz0iaHR0cDovL3d3dy53My5vcmcvMjAwMC9zdmciPjwvc3ZnPg==\" style=\"--smush-placeholder-width: 261px; --smush-placeholder-aspect-ratio: 261\/309;\" \/><\/a><\/p>\n","protected":false},"excerpt":{"rendered":"<p>Ahir, el col\u00b7legi Claret va rebre una visita excepcional, la de l&#8217;ambaixador reial. Els nens i les nenes li van lliurar les seves cartes i s&#8217;Excel\u00b7l\u00e8ncia els va escoltar amb atenci\u00f3\u00a0 per poder transmetre a ses majestats totes les il\u00b7lusions i desitjos.<\/p>\n","protected":false},"author":2,"featured_media":0,"comment_status":"closed","ping_status":"closed","sticky":false,"template":"","format":"standard","meta":{"inline_featured_image":false,"_joinchat":[],"footnotes":""},"categories":[5],"tags":[],"class_list":["post-2876","post","type-post","status-publish","format-standard","hentry","category-noticies"],"yoast_head":"<!-- This site is optimized with the Yoast SEO plugin v27.5 - https:\/\/yoast.com\/product\/yoast-seo-wordpress\/ -->\n<title>L&#039;ambaixador dels Reis d&#039;Orient - Col\u00b7legi Claret<\/title>\n<meta name=\"robots\" content=\"index, follow, max-snippet:-1, max-image-preview:large, max-video-preview:-1\" \/>\n<link rel=\"canonical\" href=\"https:\/\/claretsabadell.cat\/es\/lambaixador-dels-reis-dorient\/\" \/>\n<meta property=\"og:locale\" content=\"es_ES\" \/>\n<meta property=\"og:type\" content=\"article\" \/>\n<meta property=\"og:title\" content=\"L&#039;ambaixador dels Reis d&#039;Orient - Col\u00b7legi Claret\" \/>\n<meta property=\"og:description\" content=\"Ahir, el col\u00b7legi Claret va rebre una visita excepcional, la de l&#8217;ambaixador reial. Els nens i les nenes li van lliurar les seves cartes i s&#8217;Excel\u00b7l\u00e8ncia els va escoltar amb atenci\u00f3\u00a0 per poder transmetre a ses majestats totes les il\u00b7lusions i desitjos.\" \/>\n<meta property=\"og:url\" content=\"https:\/\/claretsabadell.cat\/es\/lambaixador-dels-reis-dorient\/\" \/>\n<meta property=\"og:site_name\" content=\"Col\u00b7legi Claret\" \/>\n<meta property=\"article:publisher\" content=\"https:\/\/www.facebook.com\/ClaretSabadell\/\" \/>\n<meta property=\"article:published_time\" content=\"2018-01-05T20:27:21+00:00\" \/>\n<meta property=\"og:image\" content=\"https:\/\/claretsabadell.cat\/wp-content\/uploads\/2018\/01\/IMG_20180105_063521-256x300.jpg\" \/>\n<meta name=\"author\" content=\"caparicio\" \/>\n<meta name=\"twitter:label1\" content=\"Escrito por\" \/>\n\t<meta name=\"twitter:data1\" content=\"caparicio\" \/>\n<script type=\"application\/ld+json\" class=\"yoast-schema-graph\">{\"@context\":\"https:\\\/\\\/schema.org\",\"@graph\":[{\"@type\":\"Article\",\"@id\":\"https:\\\/\\\/claretsabadell.cat\\\/es\\\/lambaixador-dels-reis-dorient\\\/#article\",\"isPartOf\":{\"@id\":\"https:\\\/\\\/claretsabadell.cat\\\/es\\\/lambaixador-dels-reis-dorient\\\/\"},\"author\":{\"name\":\"caparicio\",\"@id\":\"https:\\\/\\\/claretsabadell.cat\\\/es\\\/#\\\/schema\\\/person\\\/f315154d39905b3522ddecf099fccf5d\"},\"headline\":\"L&#8217;ambaixador dels Reis d&#8217;Orient\",\"datePublished\":\"2018-01-05T20:27:21+00:00\",\"mainEntityOfPage\":{\"@id\":\"https:\\\/\\\/claretsabadell.cat\\\/es\\\/lambaixador-dels-reis-dorient\\\/\"},\"wordCount\":54,\"publisher\":{\"@id\":\"https:\\\/\\\/claretsabadell.cat\\\/es\\\/#organization\"},\"image\":{\"@id\":\"https:\\\/\\\/claretsabadell.cat\\\/es\\\/lambaixador-dels-reis-dorient\\\/#primaryimage\"},\"thumbnailUrl\":\"https:\\\/\\\/claretsabadell.cat\\\/wp-content\\\/uploads\\\/2018\\\/01\\\/IMG_20180105_063521-256x300.jpg\",\"articleSection\":[\"Not\u00edcies\"],\"inLanguage\":\"es\"},{\"@type\":\"WebPage\",\"@id\":\"https:\\\/\\\/claretsabadell.cat\\\/es\\\/lambaixador-dels-reis-dorient\\\/\",\"url\":\"https:\\\/\\\/claretsabadell.cat\\\/es\\\/lambaixador-dels-reis-dorient\\\/\",\"name\":\"L'ambaixador dels Reis d'Orient - Col\u00b7legi Claret\",\"isPartOf\":{\"@id\":\"https:\\\/\\\/claretsabadell.cat\\\/es\\\/#website\"},\"primaryImageOfPage\":{\"@id\":\"https:\\\/\\\/claretsabadell.cat\\\/es\\\/lambaixador-dels-reis-dorient\\\/#primaryimage\"},\"image\":{\"@id\":\"https:\\\/\\\/claretsabadell.cat\\\/es\\\/lambaixador-dels-reis-dorient\\\/#primaryimage\"},\"thumbnailUrl\":\"https:\\\/\\\/claretsabadell.cat\\\/wp-content\\\/uploads\\\/2018\\\/01\\\/IMG_20180105_063521-256x300.jpg\",\"datePublished\":\"2018-01-05T20:27:21+00:00\",\"breadcrumb\":{\"@id\":\"https:\\\/\\\/claretsabadell.cat\\\/es\\\/lambaixador-dels-reis-dorient\\\/#breadcrumb\"},\"inLanguage\":\"es\",\"potentialAction\":[{\"@type\":\"ReadAction\",\"target\":[\"https:\\\/\\\/claretsabadell.cat\\\/es\\\/lambaixador-dels-reis-dorient\\\/\"]}]},{\"@type\":\"ImageObject\",\"inLanguage\":\"es\",\"@id\":\"https:\\\/\\\/claretsabadell.cat\\\/es\\\/lambaixador-dels-reis-dorient\\\/#primaryimage\",\"url\":\"https:\\\/\\\/claretsabadell.cat\\\/wp-content\\\/uploads\\\/2018\\\/01\\\/IMG_20180105_063521-256x300.jpg\",\"contentUrl\":\"https:\\\/\\\/claretsabadell.cat\\\/wp-content\\\/uploads\\\/2018\\\/01\\\/IMG_20180105_063521-256x300.jpg\"},{\"@type\":\"BreadcrumbList\",\"@id\":\"https:\\\/\\\/claretsabadell.cat\\\/es\\\/lambaixador-dels-reis-dorient\\\/#breadcrumb\",\"itemListElement\":[{\"@type\":\"ListItem\",\"position\":1,\"name\":\"Inici\",\"item\":\"https:\\\/\\\/claretsabadell.cat\\\/es\\\/\"},{\"@type\":\"ListItem\",\"position\":2,\"name\":\"L&#8217;ambaixador dels Reis d&#8217;Orient\"}]},{\"@type\":\"WebSite\",\"@id\":\"https:\\\/\\\/claretsabadell.cat\\\/es\\\/#website\",\"url\":\"https:\\\/\\\/claretsabadell.cat\\\/es\\\/\",\"name\":\"Col\u00b7legi Claret\",\"description\":\"Educaci\u00f3 infantil, educaci\u00f3 prim\u00e0ria, ESO a Sabadell\",\"publisher\":{\"@id\":\"https:\\\/\\\/claretsabadell.cat\\\/es\\\/#organization\"},\"potentialAction\":[{\"@type\":\"SearchAction\",\"target\":{\"@type\":\"EntryPoint\",\"urlTemplate\":\"https:\\\/\\\/claretsabadell.cat\\\/es\\\/?s={search_term_string}\"},\"query-input\":{\"@type\":\"PropertyValueSpecification\",\"valueRequired\":true,\"valueName\":\"search_term_string\"}}],\"inLanguage\":\"es\"},{\"@type\":\"Organization\",\"@id\":\"https:\\\/\\\/claretsabadell.cat\\\/es\\\/#organization\",\"name\":\"Col\u00b7legi Claret Sabadell\",\"url\":\"https:\\\/\\\/claretsabadell.cat\\\/es\\\/\",\"logo\":{\"@type\":\"ImageObject\",\"inLanguage\":\"es\",\"@id\":\"https:\\\/\\\/claretsabadell.cat\\\/es\\\/#\\\/schema\\\/logo\\\/image\\\/\",\"url\":\"https:\\\/\\\/claretsabadell.cat\\\/wp-content\\\/uploads\\\/2020\\\/05\\\/claretsabadell.png\",\"contentUrl\":\"https:\\\/\\\/claretsabadell.cat\\\/wp-content\\\/uploads\\\/2020\\\/05\\\/claretsabadell.png\",\"width\":296,\"height\":100,\"caption\":\"Col\u00b7legi Claret Sabadell\"},\"image\":{\"@id\":\"https:\\\/\\\/claretsabadell.cat\\\/es\\\/#\\\/schema\\\/logo\\\/image\\\/\"},\"sameAs\":[\"https:\\\/\\\/www.facebook.com\\\/ClaretSabadell\\\/\",\"https:\\\/\\\/www.instagram.com\\\/claretsabadell\\\/\"]},{\"@type\":\"Person\",\"@id\":\"https:\\\/\\\/claretsabadell.cat\\\/es\\\/#\\\/schema\\\/person\\\/f315154d39905b3522ddecf099fccf5d\",\"name\":\"caparicio\",\"image\":{\"@type\":\"ImageObject\",\"inLanguage\":\"es\",\"@id\":\"https:\\\/\\\/secure.gravatar.com\\\/avatar\\\/1a5a59b76215d6ec635473a4038e7764468a9056019dade3a5147f4a52850459?s=96&d=mm&r=g\",\"url\":\"https:\\\/\\\/secure.gravatar.com\\\/avatar\\\/1a5a59b76215d6ec635473a4038e7764468a9056019dade3a5147f4a52850459?s=96&d=mm&r=g\",\"contentUrl\":\"https:\\\/\\\/secure.gravatar.com\\\/avatar\\\/1a5a59b76215d6ec635473a4038e7764468a9056019dade3a5147f4a52850459?s=96&d=mm&r=g\",\"caption\":\"caparicio\"}}]}<\/script>\n<!-- \/ Yoast SEO plugin. -->","yoast_head_json":{"title":"L'ambaixador dels Reis d'Orient - Col\u00b7legi Claret","robots":{"index":"index","follow":"follow","max-snippet":"max-snippet:-1","max-image-preview":"max-image-preview:large","max-video-preview":"max-video-preview:-1"},"canonical":"https:\/\/claretsabadell.cat\/es\/lambaixador-dels-reis-dorient\/","og_locale":"es_ES","og_type":"article","og_title":"L'ambaixador dels Reis d'Orient - Col\u00b7legi Claret","og_description":"Ahir, el col\u00b7legi Claret va rebre una visita excepcional, la de l&#8217;ambaixador reial. Els nens i les nenes li van lliurar les seves cartes i s&#8217;Excel\u00b7l\u00e8ncia els va escoltar amb atenci\u00f3\u00a0 per poder transmetre a ses majestats totes les il\u00b7lusions i desitjos.","og_url":"https:\/\/claretsabadell.cat\/es\/lambaixador-dels-reis-dorient\/","og_site_name":"Col\u00b7legi Claret","article_publisher":"https:\/\/www.facebook.com\/ClaretSabadell\/","article_published_time":"2018-01-05T20:27:21+00:00","og_image":[{"url":"https:\/\/claretsabadell.cat\/wp-content\/uploads\/2018\/01\/IMG_20180105_063521-256x300.jpg","type":"","width":"","height":""}],"author":"caparicio","twitter_misc":{"Escrito por":"caparicio"},"schema":{"@context":"https:\/\/schema.org","@graph":[{"@type":"Article","@id":"https:\/\/claretsabadell.cat\/es\/lambaixador-dels-reis-dorient\/#article","isPartOf":{"@id":"https:\/\/claretsabadell.cat\/es\/lambaixador-dels-reis-dorient\/"},"author":{"name":"caparicio","@id":"https:\/\/claretsabadell.cat\/es\/#\/schema\/person\/f315154d39905b3522ddecf099fccf5d"},"headline":"L&#8217;ambaixador dels Reis d&#8217;Orient","datePublished":"2018-01-05T20:27:21+00:00","mainEntityOfPage":{"@id":"https:\/\/claretsabadell.cat\/es\/lambaixador-dels-reis-dorient\/"},"wordCount":54,"publisher":{"@id":"https:\/\/claretsabadell.cat\/es\/#organization"},"image":{"@id":"https:\/\/claretsabadell.cat\/es\/lambaixador-dels-reis-dorient\/#primaryimage"},"thumbnailUrl":"https:\/\/claretsabadell.cat\/wp-content\/uploads\/2018\/01\/IMG_20180105_063521-256x300.jpg","articleSection":["Not\u00edcies"],"inLanguage":"es"},{"@type":"WebPage","@id":"https:\/\/claretsabadell.cat\/es\/lambaixador-dels-reis-dorient\/","url":"https:\/\/claretsabadell.cat\/es\/lambaixador-dels-reis-dorient\/","name":"L'ambaixador dels Reis d'Orient - Col\u00b7legi Claret","isPartOf":{"@id":"https:\/\/claretsabadell.cat\/es\/#website"},"primaryImageOfPage":{"@id":"https:\/\/claretsabadell.cat\/es\/lambaixador-dels-reis-dorient\/#primaryimage"},"image":{"@id":"https:\/\/claretsabadell.cat\/es\/lambaixador-dels-reis-dorient\/#primaryimage"},"thumbnailUrl":"https:\/\/claretsabadell.cat\/wp-content\/uploads\/2018\/01\/IMG_20180105_063521-256x300.jpg","datePublished":"2018-01-05T20:27:21+00:00","breadcrumb":{"@id":"https:\/\/claretsabadell.cat\/es\/lambaixador-dels-reis-dorient\/#breadcrumb"},"inLanguage":"es","potentialAction":[{"@type":"ReadAction","target":["https:\/\/claretsabadell.cat\/es\/lambaixador-dels-reis-dorient\/"]}]},{"@type":"ImageObject","inLanguage":"es","@id":"https:\/\/claretsabadell.cat\/es\/lambaixador-dels-reis-dorient\/#primaryimage","url":"https:\/\/claretsabadell.cat\/wp-content\/uploads\/2018\/01\/IMG_20180105_063521-256x300.jpg","contentUrl":"https:\/\/claretsabadell.cat\/wp-content\/uploads\/2018\/01\/IMG_20180105_063521-256x300.jpg"},{"@type":"BreadcrumbList","@id":"https:\/\/claretsabadell.cat\/es\/lambaixador-dels-reis-dorient\/#breadcrumb","itemListElement":[{"@type":"ListItem","position":1,"name":"Inici","item":"https:\/\/claretsabadell.cat\/es\/"},{"@type":"ListItem","position":2,"name":"L&#8217;ambaixador dels Reis d&#8217;Orient"}]},{"@type":"WebSite","@id":"https:\/\/claretsabadell.cat\/es\/#website","url":"https:\/\/claretsabadell.cat\/es\/","name":"Col\u00b7legi Claret","description":"Educaci\u00f3 infantil, educaci\u00f3 prim\u00e0ria, ESO a Sabadell","publisher":{"@id":"https:\/\/claretsabadell.cat\/es\/#organization"},"potentialAction":[{"@type":"SearchAction","target":{"@type":"EntryPoint","urlTemplate":"https:\/\/claretsabadell.cat\/es\/?s={search_term_string}"},"query-input":{"@type":"PropertyValueSpecification","valueRequired":true,"valueName":"search_term_string"}}],"inLanguage":"es"},{"@type":"Organization","@id":"https:\/\/claretsabadell.cat\/es\/#organization","name":"Col\u00b7legi Claret Sabadell","url":"https:\/\/claretsabadell.cat\/es\/","logo":{"@type":"ImageObject","inLanguage":"es","@id":"https:\/\/claretsabadell.cat\/es\/#\/schema\/logo\/image\/","url":"https:\/\/claretsabadell.cat\/wp-content\/uploads\/2020\/05\/claretsabadell.png","contentUrl":"https:\/\/claretsabadell.cat\/wp-content\/uploads\/2020\/05\/claretsabadell.png","width":296,"height":100,"caption":"Col\u00b7legi Claret Sabadell"},"image":{"@id":"https:\/\/claretsabadell.cat\/es\/#\/schema\/logo\/image\/"},"sameAs":["https:\/\/www.facebook.com\/ClaretSabadell\/","https:\/\/www.instagram.com\/claretsabadell\/"]},{"@type":"Person","@id":"https:\/\/claretsabadell.cat\/es\/#\/schema\/person\/f315154d39905b3522ddecf099fccf5d","name":"caparicio","image":{"@type":"ImageObject","inLanguage":"es","@id":"https:\/\/secure.gravatar.com\/avatar\/1a5a59b76215d6ec635473a4038e7764468a9056019dade3a5147f4a52850459?s=96&d=mm&r=g","url":"https:\/\/secure.gravatar.com\/avatar\/1a5a59b76215d6ec635473a4038e7764468a9056019dade3a5147f4a52850459?s=96&d=mm&r=g","contentUrl":"https:\/\/secure.gravatar.com\/avatar\/1a5a59b76215d6ec635473a4038e7764468a9056019dade3a5147f4a52850459?s=96&d=mm&r=g","caption":"caparicio"}}]}},"_links":{"self":[{"href":"https:\/\/claretsabadell.cat\/es\/wp-json\/wp\/v2\/posts\/2876","targetHints":{"allow":["GET"]}}],"collection":[{"href":"https:\/\/claretsabadell.cat\/es\/wp-json\/wp\/v2\/posts"}],"about":[{"href":"https:\/\/claretsabadell.cat\/es\/wp-json\/wp\/v2\/types\/post"}],"author":[{"embeddable":true,"href":"https:\/\/claretsabadell.cat\/es\/wp-json\/wp\/v2\/users\/2"}],"replies":[{"embeddable":true,"href":"https:\/\/claretsabadell.cat\/es\/wp-json\/wp\/v2\/comments?post=2876"}],"version-history":[{"count":0,"href":"https:\/\/claretsabadell.cat\/es\/wp-json\/wp\/v2\/posts\/2876\/revisions"}],"wp:attachment":[{"href":"https:\/\/claretsabadell.cat\/es\/wp-json\/wp\/v2\/media?parent=2876"}],"wp:term":[{"taxonomy":"category","embeddable":true,"href":"https:\/\/claretsabadell.cat\/es\/wp-json\/wp\/v2\/categories?post=2876"},{"taxonomy":"post_tag","embeddable":true,"href":"https:\/\/claretsabadell.cat\/es\/wp-json\/wp\/v2\/tags?post=2876"}],"curies":[{"name":"wp","href":"https:\/\/api.w.org\/{rel}","templated":true}]}}