{"id":2903,"date":"2018-01-31T19:06:16","date_gmt":"2018-01-31T19:06:16","guid":{"rendered":"https:\/\/claretsabadell.cat\/?p=2903"},"modified":"2018-01-31T19:06:16","modified_gmt":"2018-01-31T19:06:16","slug":"dia-de-la-pau-i-de-la-no-violencia","status":"publish","type":"post","link":"https:\/\/claretsabadell.cat\/es\/dia-de-la-pau-i-de-la-no-violencia\/","title":{"rendered":"Dia de la pau i de la no-viol\u00e8ncia"},"content":{"rendered":"<p style=\"text-align: justify;\"><span style=\"font-family: arial, helvetica, sans-serif; color: #000000; font-size: 14pt;\">El dia 30 de gener tots els nens \u00a0i les nenes d&#8217;infantil i prim\u00e0ria van celebrar el dia de la Pau i la No-viol\u00e8ncia. A partir de diferents definicions de \u00abPau\u00bb van buscar,\u00a0per parelles, una sola paraula que\u00a0 la represent\u00e9s. Van sorgir moltes paraules diferents, per\u00f2 el millor de tot va ser el clima i l\u2019ambient que es va crear dins l&#8217;escola. I, com els mateixos alumnes deien&#8230;\u00a0\u201cLa Pau no \u00e9s nom\u00e9s un dia, sin\u00f3 cada dia\u201d.\u00a0<\/span><br \/>\n<a href=\"https:\/\/claretsabadell.cat\/wp-content\/uploads\/2018\/01\/IMG-20180131-WA0000.jpg\"><img fetchpriority=\"high\" decoding=\"async\" class=\" wp-image-2906 alignleft\" src=\"https:\/\/claretsabadell.cat\/wp-content\/uploads\/2018\/01\/IMG-20180131-WA0000-300x169.jpg\" alt=\"\" width=\"403\" height=\"227\" \/><\/a><a href=\"https:\/\/claretsabadell.cat\/wp-content\/uploads\/2018\/01\/IMG-20180131-WA0001.jpg\"><img decoding=\"async\" class=\"alignnone wp-image-2907 alignleft lazyload\" data-src=\"https:\/\/claretsabadell.cat\/wp-content\/uploads\/2018\/01\/IMG-20180131-WA0001-300x169.jpg\" alt=\"\" width=\"410\" height=\"231\" src=\"data:image\/svg+xml;base64,PHN2ZyB3aWR0aD0iMSIgaGVpZ2h0PSIxIiB4bWxucz0iaHR0cDovL3d3dy53My5vcmcvMjAwMC9zdmciPjwvc3ZnPg==\" style=\"--smush-placeholder-width: 410px; --smush-placeholder-aspect-ratio: 410\/231;\" \/><\/a><\/p>\n<p><a href=\"https:\/\/claretsabadell.cat\/wp-content\/uploads\/2018\/01\/IMG-20180131-WA0002.jpg\"><img decoding=\"async\" class=\"wp-image-2908 alignleft lazyload\" data-src=\"https:\/\/claretsabadell.cat\/wp-content\/uploads\/2018\/01\/IMG-20180131-WA0002-300x169.jpg\" alt=\"\" width=\"410\" height=\"231\" src=\"data:image\/svg+xml;base64,PHN2ZyB3aWR0aD0iMSIgaGVpZ2h0PSIxIiB4bWxucz0iaHR0cDovL3d3dy53My5vcmcvMjAwMC9zdmciPjwvc3ZnPg==\" style=\"--smush-placeholder-width: 410px; --smush-placeholder-aspect-ratio: 410\/231;\" \/><\/a>\u00a0\u00a0\u00a0<a href=\"https:\/\/claretsabadell.cat\/wp-content\/uploads\/2018\/01\/IMG-20180131-WA0003.jpg\"><img decoding=\"async\" class=\"wp-image-2909 alignleft lazyload\" data-src=\"https:\/\/claretsabadell.cat\/wp-content\/uploads\/2018\/01\/IMG-20180131-WA0003-300x225.jpg\" alt=\"\" width=\"403\" height=\"302\" src=\"data:image\/svg+xml;base64,PHN2ZyB3aWR0aD0iMSIgaGVpZ2h0PSIxIiB4bWxucz0iaHR0cDovL3d3dy53My5vcmcvMjAwMC9zdmciPjwvc3ZnPg==\" style=\"--smush-placeholder-width: 403px; --smush-placeholder-aspect-ratio: 403\/302;\" \/><\/a><\/p>\n<p><a href=\"https:\/\/claretsabadell.cat\/wp-content\/uploads\/2018\/01\/IMG_20180130_164333.jpg\"><img decoding=\"async\" class=\"wp-image-2904 alignleft lazyload\" data-src=\"https:\/\/claretsabadell.cat\/wp-content\/uploads\/2018\/01\/IMG_20180130_164257-300x169.jpg\" alt=\"\" width=\"395\" height=\"223\" src=\"data:image\/svg+xml;base64,PHN2ZyB3aWR0aD0iMSIgaGVpZ2h0PSIxIiB4bWxucz0iaHR0cDovL3d3dy53My5vcmcvMjAwMC9zdmciPjwvc3ZnPg==\" style=\"--smush-placeholder-width: 395px; --smush-placeholder-aspect-ratio: 395\/223;\" \/><img decoding=\"async\" class=\"wp-image-2905 alignleft lazyload\" data-src=\"https:\/\/claretsabadell.cat\/wp-content\/uploads\/2018\/01\/IMG_20180130_164333-300x169.jpg\" alt=\"\" width=\"412\" height=\"232\" src=\"data:image\/svg+xml;base64,PHN2ZyB3aWR0aD0iMSIgaGVpZ2h0PSIxIiB4bWxucz0iaHR0cDovL3d3dy53My5vcmcvMjAwMC9zdmciPjwvc3ZnPg==\" style=\"--smush-placeholder-width: 412px; --smush-placeholder-aspect-ratio: 412\/232;\" \/><\/a><br \/>\n<!--EndFragment --><\/p>\n","protected":false},"excerpt":{"rendered":"<p>El dia 30 de gener tots els nens \u00a0i les nenes d&#8217;infantil i prim\u00e0ria van celebrar el dia de la Pau i la No-viol\u00e8ncia. A partir de diferents definicions de \u00abPau\u00bb van buscar,\u00a0per parelles, una sola paraula que\u00a0 la represent\u00e9s. Van sorgir moltes paraules diferents, per\u00f2 el millor de tot va ser el clima i [&hellip;]<\/p>\n","protected":false},"author":2,"featured_media":0,"comment_status":"closed","ping_status":"closed","sticky":false,"template":"","format":"standard","meta":{"inline_featured_image":false,"_joinchat":[],"footnotes":""},"categories":[5],"tags":[],"class_list":["post-2903","post","type-post","status-publish","format-standard","hentry","category-noticies"],"yoast_head":"<!-- This site is optimized with the Yoast SEO plugin v27.5 - https:\/\/yoast.com\/product\/yoast-seo-wordpress\/ -->\n<title>Dia de la pau i de la no-viol\u00e8ncia - Col\u00b7legi Claret<\/title>\n<meta name=\"robots\" content=\"index, follow, max-snippet:-1, max-image-preview:large, max-video-preview:-1\" \/>\n<link rel=\"canonical\" href=\"https:\/\/claretsabadell.cat\/es\/dia-de-la-pau-i-de-la-no-violencia\/\" \/>\n<meta property=\"og:locale\" content=\"es_ES\" \/>\n<meta property=\"og:type\" content=\"article\" \/>\n<meta property=\"og:title\" content=\"Dia de la pau i de la no-viol\u00e8ncia - Col\u00b7legi Claret\" \/>\n<meta property=\"og:description\" content=\"El dia 30 de gener tots els nens \u00a0i les nenes d&#8217;infantil i prim\u00e0ria van celebrar el dia de la Pau i la No-viol\u00e8ncia. A partir de diferents definicions de \u00abPau\u00bb van buscar,\u00a0per parelles, una sola paraula que\u00a0 la represent\u00e9s. Van sorgir moltes paraules diferents, per\u00f2 el millor de tot va ser el clima i [&hellip;]\" \/>\n<meta property=\"og:url\" content=\"https:\/\/claretsabadell.cat\/es\/dia-de-la-pau-i-de-la-no-violencia\/\" \/>\n<meta property=\"og:site_name\" content=\"Col\u00b7legi Claret\" \/>\n<meta property=\"article:publisher\" content=\"https:\/\/www.facebook.com\/ClaretSabadell\/\" \/>\n<meta property=\"article:published_time\" content=\"2018-01-31T19:06:16+00:00\" \/>\n<meta property=\"og:image\" content=\"https:\/\/claretsabadell.cat\/wp-content\/uploads\/2018\/01\/IMG-20180131-WA0000-300x169.jpg\" \/>\n<meta name=\"author\" content=\"caparicio\" \/>\n<meta name=\"twitter:label1\" content=\"Escrito por\" \/>\n\t<meta name=\"twitter:data1\" content=\"caparicio\" \/>\n<script type=\"application\/ld+json\" class=\"yoast-schema-graph\">{\"@context\":\"https:\\\/\\\/schema.org\",\"@graph\":[{\"@type\":\"Article\",\"@id\":\"https:\\\/\\\/claretsabadell.cat\\\/es\\\/dia-de-la-pau-i-de-la-no-violencia\\\/#article\",\"isPartOf\":{\"@id\":\"https:\\\/\\\/claretsabadell.cat\\\/es\\\/dia-de-la-pau-i-de-la-no-violencia\\\/\"},\"author\":{\"name\":\"caparicio\",\"@id\":\"https:\\\/\\\/claretsabadell.cat\\\/es\\\/#\\\/schema\\\/person\\\/f315154d39905b3522ddecf099fccf5d\"},\"headline\":\"Dia de la pau i de la no-viol\u00e8ncia\",\"datePublished\":\"2018-01-31T19:06:16+00:00\",\"mainEntityOfPage\":{\"@id\":\"https:\\\/\\\/claretsabadell.cat\\\/es\\\/dia-de-la-pau-i-de-la-no-violencia\\\/\"},\"wordCount\":94,\"publisher\":{\"@id\":\"https:\\\/\\\/claretsabadell.cat\\\/es\\\/#organization\"},\"image\":{\"@id\":\"https:\\\/\\\/claretsabadell.cat\\\/es\\\/dia-de-la-pau-i-de-la-no-violencia\\\/#primaryimage\"},\"thumbnailUrl\":\"https:\\\/\\\/claretsabadell.cat\\\/wp-content\\\/uploads\\\/2018\\\/01\\\/IMG-20180131-WA0000-300x169.jpg\",\"articleSection\":[\"Not\u00edcies\"],\"inLanguage\":\"es\"},{\"@type\":\"WebPage\",\"@id\":\"https:\\\/\\\/claretsabadell.cat\\\/es\\\/dia-de-la-pau-i-de-la-no-violencia\\\/\",\"url\":\"https:\\\/\\\/claretsabadell.cat\\\/es\\\/dia-de-la-pau-i-de-la-no-violencia\\\/\",\"name\":\"Dia de la pau i de la no-viol\u00e8ncia - Col\u00b7legi Claret\",\"isPartOf\":{\"@id\":\"https:\\\/\\\/claretsabadell.cat\\\/es\\\/#website\"},\"primaryImageOfPage\":{\"@id\":\"https:\\\/\\\/claretsabadell.cat\\\/es\\\/dia-de-la-pau-i-de-la-no-violencia\\\/#primaryimage\"},\"image\":{\"@id\":\"https:\\\/\\\/claretsabadell.cat\\\/es\\\/dia-de-la-pau-i-de-la-no-violencia\\\/#primaryimage\"},\"thumbnailUrl\":\"https:\\\/\\\/claretsabadell.cat\\\/wp-content\\\/uploads\\\/2018\\\/01\\\/IMG-20180131-WA0000-300x169.jpg\",\"datePublished\":\"2018-01-31T19:06:16+00:00\",\"breadcrumb\":{\"@id\":\"https:\\\/\\\/claretsabadell.cat\\\/es\\\/dia-de-la-pau-i-de-la-no-violencia\\\/#breadcrumb\"},\"inLanguage\":\"es\",\"potentialAction\":[{\"@type\":\"ReadAction\",\"target\":[\"https:\\\/\\\/claretsabadell.cat\\\/es\\\/dia-de-la-pau-i-de-la-no-violencia\\\/\"]}]},{\"@type\":\"ImageObject\",\"inLanguage\":\"es\",\"@id\":\"https:\\\/\\\/claretsabadell.cat\\\/es\\\/dia-de-la-pau-i-de-la-no-violencia\\\/#primaryimage\",\"url\":\"https:\\\/\\\/claretsabadell.cat\\\/wp-content\\\/uploads\\\/2018\\\/01\\\/IMG-20180131-WA0000-300x169.jpg\",\"contentUrl\":\"https:\\\/\\\/claretsabadell.cat\\\/wp-content\\\/uploads\\\/2018\\\/01\\\/IMG-20180131-WA0000-300x169.jpg\"},{\"@type\":\"BreadcrumbList\",\"@id\":\"https:\\\/\\\/claretsabadell.cat\\\/es\\\/dia-de-la-pau-i-de-la-no-violencia\\\/#breadcrumb\",\"itemListElement\":[{\"@type\":\"ListItem\",\"position\":1,\"name\":\"Inici\",\"item\":\"https:\\\/\\\/claretsabadell.cat\\\/es\\\/\"},{\"@type\":\"ListItem\",\"position\":2,\"name\":\"Dia de la pau i de la no-viol\u00e8ncia\"}]},{\"@type\":\"WebSite\",\"@id\":\"https:\\\/\\\/claretsabadell.cat\\\/es\\\/#website\",\"url\":\"https:\\\/\\\/claretsabadell.cat\\\/es\\\/\",\"name\":\"Col\u00b7legi Claret\",\"description\":\"Educaci\u00f3 infantil, educaci\u00f3 prim\u00e0ria, ESO a Sabadell\",\"publisher\":{\"@id\":\"https:\\\/\\\/claretsabadell.cat\\\/es\\\/#organization\"},\"potentialAction\":[{\"@type\":\"SearchAction\",\"target\":{\"@type\":\"EntryPoint\",\"urlTemplate\":\"https:\\\/\\\/claretsabadell.cat\\\/es\\\/?s={search_term_string}\"},\"query-input\":{\"@type\":\"PropertyValueSpecification\",\"valueRequired\":true,\"valueName\":\"search_term_string\"}}],\"inLanguage\":\"es\"},{\"@type\":\"Organization\",\"@id\":\"https:\\\/\\\/claretsabadell.cat\\\/es\\\/#organization\",\"name\":\"Col\u00b7legi Claret Sabadell\",\"url\":\"https:\\\/\\\/claretsabadell.cat\\\/es\\\/\",\"logo\":{\"@type\":\"ImageObject\",\"inLanguage\":\"es\",\"@id\":\"https:\\\/\\\/claretsabadell.cat\\\/es\\\/#\\\/schema\\\/logo\\\/image\\\/\",\"url\":\"https:\\\/\\\/claretsabadell.cat\\\/wp-content\\\/uploads\\\/2020\\\/05\\\/claretsabadell.png\",\"contentUrl\":\"https:\\\/\\\/claretsabadell.cat\\\/wp-content\\\/uploads\\\/2020\\\/05\\\/claretsabadell.png\",\"width\":296,\"height\":100,\"caption\":\"Col\u00b7legi Claret Sabadell\"},\"image\":{\"@id\":\"https:\\\/\\\/claretsabadell.cat\\\/es\\\/#\\\/schema\\\/logo\\\/image\\\/\"},\"sameAs\":[\"https:\\\/\\\/www.facebook.com\\\/ClaretSabadell\\\/\",\"https:\\\/\\\/www.instagram.com\\\/claretsabadell\\\/\"]},{\"@type\":\"Person\",\"@id\":\"https:\\\/\\\/claretsabadell.cat\\\/es\\\/#\\\/schema\\\/person\\\/f315154d39905b3522ddecf099fccf5d\",\"name\":\"caparicio\",\"image\":{\"@type\":\"ImageObject\",\"inLanguage\":\"es\",\"@id\":\"https:\\\/\\\/secure.gravatar.com\\\/avatar\\\/1a5a59b76215d6ec635473a4038e7764468a9056019dade3a5147f4a52850459?s=96&d=mm&r=g\",\"url\":\"https:\\\/\\\/secure.gravatar.com\\\/avatar\\\/1a5a59b76215d6ec635473a4038e7764468a9056019dade3a5147f4a52850459?s=96&d=mm&r=g\",\"contentUrl\":\"https:\\\/\\\/secure.gravatar.com\\\/avatar\\\/1a5a59b76215d6ec635473a4038e7764468a9056019dade3a5147f4a52850459?s=96&d=mm&r=g\",\"caption\":\"caparicio\"}}]}<\/script>\n<!-- \/ Yoast SEO plugin. -->","yoast_head_json":{"title":"Dia de la pau i de la no-viol\u00e8ncia - Col\u00b7legi Claret","robots":{"index":"index","follow":"follow","max-snippet":"max-snippet:-1","max-image-preview":"max-image-preview:large","max-video-preview":"max-video-preview:-1"},"canonical":"https:\/\/claretsabadell.cat\/es\/dia-de-la-pau-i-de-la-no-violencia\/","og_locale":"es_ES","og_type":"article","og_title":"Dia de la pau i de la no-viol\u00e8ncia - Col\u00b7legi Claret","og_description":"El dia 30 de gener tots els nens \u00a0i les nenes d&#8217;infantil i prim\u00e0ria van celebrar el dia de la Pau i la No-viol\u00e8ncia. A partir de diferents definicions de \u00abPau\u00bb van buscar,\u00a0per parelles, una sola paraula que\u00a0 la represent\u00e9s. Van sorgir moltes paraules diferents, per\u00f2 el millor de tot va ser el clima i [&hellip;]","og_url":"https:\/\/claretsabadell.cat\/es\/dia-de-la-pau-i-de-la-no-violencia\/","og_site_name":"Col\u00b7legi Claret","article_publisher":"https:\/\/www.facebook.com\/ClaretSabadell\/","article_published_time":"2018-01-31T19:06:16+00:00","og_image":[{"url":"https:\/\/claretsabadell.cat\/wp-content\/uploads\/2018\/01\/IMG-20180131-WA0000-300x169.jpg","type":"","width":"","height":""}],"author":"caparicio","twitter_misc":{"Escrito por":"caparicio"},"schema":{"@context":"https:\/\/schema.org","@graph":[{"@type":"Article","@id":"https:\/\/claretsabadell.cat\/es\/dia-de-la-pau-i-de-la-no-violencia\/#article","isPartOf":{"@id":"https:\/\/claretsabadell.cat\/es\/dia-de-la-pau-i-de-la-no-violencia\/"},"author":{"name":"caparicio","@id":"https:\/\/claretsabadell.cat\/es\/#\/schema\/person\/f315154d39905b3522ddecf099fccf5d"},"headline":"Dia de la pau i de la no-viol\u00e8ncia","datePublished":"2018-01-31T19:06:16+00:00","mainEntityOfPage":{"@id":"https:\/\/claretsabadell.cat\/es\/dia-de-la-pau-i-de-la-no-violencia\/"},"wordCount":94,"publisher":{"@id":"https:\/\/claretsabadell.cat\/es\/#organization"},"image":{"@id":"https:\/\/claretsabadell.cat\/es\/dia-de-la-pau-i-de-la-no-violencia\/#primaryimage"},"thumbnailUrl":"https:\/\/claretsabadell.cat\/wp-content\/uploads\/2018\/01\/IMG-20180131-WA0000-300x169.jpg","articleSection":["Not\u00edcies"],"inLanguage":"es"},{"@type":"WebPage","@id":"https:\/\/claretsabadell.cat\/es\/dia-de-la-pau-i-de-la-no-violencia\/","url":"https:\/\/claretsabadell.cat\/es\/dia-de-la-pau-i-de-la-no-violencia\/","name":"Dia de la pau i de la no-viol\u00e8ncia - Col\u00b7legi Claret","isPartOf":{"@id":"https:\/\/claretsabadell.cat\/es\/#website"},"primaryImageOfPage":{"@id":"https:\/\/claretsabadell.cat\/es\/dia-de-la-pau-i-de-la-no-violencia\/#primaryimage"},"image":{"@id":"https:\/\/claretsabadell.cat\/es\/dia-de-la-pau-i-de-la-no-violencia\/#primaryimage"},"thumbnailUrl":"https:\/\/claretsabadell.cat\/wp-content\/uploads\/2018\/01\/IMG-20180131-WA0000-300x169.jpg","datePublished":"2018-01-31T19:06:16+00:00","breadcrumb":{"@id":"https:\/\/claretsabadell.cat\/es\/dia-de-la-pau-i-de-la-no-violencia\/#breadcrumb"},"inLanguage":"es","potentialAction":[{"@type":"ReadAction","target":["https:\/\/claretsabadell.cat\/es\/dia-de-la-pau-i-de-la-no-violencia\/"]}]},{"@type":"ImageObject","inLanguage":"es","@id":"https:\/\/claretsabadell.cat\/es\/dia-de-la-pau-i-de-la-no-violencia\/#primaryimage","url":"https:\/\/claretsabadell.cat\/wp-content\/uploads\/2018\/01\/IMG-20180131-WA0000-300x169.jpg","contentUrl":"https:\/\/claretsabadell.cat\/wp-content\/uploads\/2018\/01\/IMG-20180131-WA0000-300x169.jpg"},{"@type":"BreadcrumbList","@id":"https:\/\/claretsabadell.cat\/es\/dia-de-la-pau-i-de-la-no-violencia\/#breadcrumb","itemListElement":[{"@type":"ListItem","position":1,"name":"Inici","item":"https:\/\/claretsabadell.cat\/es\/"},{"@type":"ListItem","position":2,"name":"Dia de la pau i de la no-viol\u00e8ncia"}]},{"@type":"WebSite","@id":"https:\/\/claretsabadell.cat\/es\/#website","url":"https:\/\/claretsabadell.cat\/es\/","name":"Col\u00b7legi Claret","description":"Educaci\u00f3 infantil, educaci\u00f3 prim\u00e0ria, ESO a Sabadell","publisher":{"@id":"https:\/\/claretsabadell.cat\/es\/#organization"},"potentialAction":[{"@type":"SearchAction","target":{"@type":"EntryPoint","urlTemplate":"https:\/\/claretsabadell.cat\/es\/?s={search_term_string}"},"query-input":{"@type":"PropertyValueSpecification","valueRequired":true,"valueName":"search_term_string"}}],"inLanguage":"es"},{"@type":"Organization","@id":"https:\/\/claretsabadell.cat\/es\/#organization","name":"Col\u00b7legi Claret Sabadell","url":"https:\/\/claretsabadell.cat\/es\/","logo":{"@type":"ImageObject","inLanguage":"es","@id":"https:\/\/claretsabadell.cat\/es\/#\/schema\/logo\/image\/","url":"https:\/\/claretsabadell.cat\/wp-content\/uploads\/2020\/05\/claretsabadell.png","contentUrl":"https:\/\/claretsabadell.cat\/wp-content\/uploads\/2020\/05\/claretsabadell.png","width":296,"height":100,"caption":"Col\u00b7legi Claret Sabadell"},"image":{"@id":"https:\/\/claretsabadell.cat\/es\/#\/schema\/logo\/image\/"},"sameAs":["https:\/\/www.facebook.com\/ClaretSabadell\/","https:\/\/www.instagram.com\/claretsabadell\/"]},{"@type":"Person","@id":"https:\/\/claretsabadell.cat\/es\/#\/schema\/person\/f315154d39905b3522ddecf099fccf5d","name":"caparicio","image":{"@type":"ImageObject","inLanguage":"es","@id":"https:\/\/secure.gravatar.com\/avatar\/1a5a59b76215d6ec635473a4038e7764468a9056019dade3a5147f4a52850459?s=96&d=mm&r=g","url":"https:\/\/secure.gravatar.com\/avatar\/1a5a59b76215d6ec635473a4038e7764468a9056019dade3a5147f4a52850459?s=96&d=mm&r=g","contentUrl":"https:\/\/secure.gravatar.com\/avatar\/1a5a59b76215d6ec635473a4038e7764468a9056019dade3a5147f4a52850459?s=96&d=mm&r=g","caption":"caparicio"}}]}},"_links":{"self":[{"href":"https:\/\/claretsabadell.cat\/es\/wp-json\/wp\/v2\/posts\/2903","targetHints":{"allow":["GET"]}}],"collection":[{"href":"https:\/\/claretsabadell.cat\/es\/wp-json\/wp\/v2\/posts"}],"about":[{"href":"https:\/\/claretsabadell.cat\/es\/wp-json\/wp\/v2\/types\/post"}],"author":[{"embeddable":true,"href":"https:\/\/claretsabadell.cat\/es\/wp-json\/wp\/v2\/users\/2"}],"replies":[{"embeddable":true,"href":"https:\/\/claretsabadell.cat\/es\/wp-json\/wp\/v2\/comments?post=2903"}],"version-history":[{"count":0,"href":"https:\/\/claretsabadell.cat\/es\/wp-json\/wp\/v2\/posts\/2903\/revisions"}],"wp:attachment":[{"href":"https:\/\/claretsabadell.cat\/es\/wp-json\/wp\/v2\/media?parent=2903"}],"wp:term":[{"taxonomy":"category","embeddable":true,"href":"https:\/\/claretsabadell.cat\/es\/wp-json\/wp\/v2\/categories?post=2903"},{"taxonomy":"post_tag","embeddable":true,"href":"https:\/\/claretsabadell.cat\/es\/wp-json\/wp\/v2\/tags?post=2903"}],"curies":[{"name":"wp","href":"https:\/\/api.w.org\/{rel}","templated":true}]}}