{"id":3025,"date":"2018-04-24T05:56:12","date_gmt":"2018-04-24T05:56:12","guid":{"rendered":"https:\/\/claretsabadell.cat\/?p=3025"},"modified":"2018-04-24T05:56:12","modified_gmt":"2018-04-24T05:56:12","slug":"sant-jordi-2018","status":"publish","type":"post","link":"https:\/\/claretsabadell.cat\/es\/sant-jordi-2018\/","title":{"rendered":"Sant Jordi 2018"},"content":{"rendered":"<p><a href=\"https:\/\/photos.app.goo.gl\/UqcIp0GalHGjOvBn1\" target=\"_blank\" rel=\"noopener noreferrer\"><img fetchpriority=\"high\" decoding=\"async\" class=\"size-medium wp-image-3026 alignleft\" src=\"https:\/\/claretsabadell.cat\/wp-content\/uploads\/2018\/04\/P1010005-300x225.jpg\" alt=\"\" width=\"300\" height=\"225\" \/><\/a><\/p>\n<p><span style=\"font-family: arial, helvetica, sans-serif; font-size: 14pt; color: #000000;\">Llegenda, cultura, amor&#8230;tots aquests sentiments barrejats amb la il\u00b7lusi\u00f3 que saben posar els nens i les nenes de\u00a0 \u00a0 \u00a0 l&#8217;escola\u00a0 a l\u00b4hora de participar en les diverses modalitats dels jocs florals : dibuix, poesia, contes\u2026<\/span><\/p>\n<p style=\"text-align: justify;\"><span style=\"font-family: arial, helvetica, sans-serif; font-size: 14pt; color: #000000;\">Roses i\u00a0 llibres, bona combinaci\u00f3 per cimentar un futur\u00a0 ferm, ple de contingut de vida.<\/span><\/p>\n<p>&nbsp;<\/p>\n<p><span style=\"font-family: arial, helvetica, sans-serif; font-size: 10pt;\">Clicar damunt la imatge<\/span><\/p>\n<p>&nbsp;<\/p>\n<p>&nbsp;<\/p>\n","protected":false},"excerpt":{"rendered":"<p>Llegenda, cultura, amor&#8230;tots aquests sentiments barrejats amb la il\u00b7lusi\u00f3 que saben posar els nens i les nenes de\u00a0 \u00a0 \u00a0 l&#8217;escola\u00a0 a l\u00b4hora de participar en les diverses modalitats dels jocs florals : dibuix, poesia, contes\u2026 Roses i\u00a0 llibres, bona combinaci\u00f3 per cimentar un futur\u00a0 ferm, ple de contingut de vida. &nbsp; Clicar damunt la [&hellip;]<\/p>\n","protected":false},"author":2,"featured_media":0,"comment_status":"closed","ping_status":"closed","sticky":false,"template":"","format":"standard","meta":{"inline_featured_image":false,"_joinchat":[],"footnotes":""},"categories":[5],"tags":[],"class_list":["post-3025","post","type-post","status-publish","format-standard","hentry","category-noticies"],"yoast_head":"<!-- This site is optimized with the Yoast SEO plugin v27.5 - https:\/\/yoast.com\/product\/yoast-seo-wordpress\/ -->\n<title>Sant Jordi 2018 - Col\u00b7legi Claret<\/title>\n<meta name=\"robots\" content=\"index, follow, max-snippet:-1, max-image-preview:large, max-video-preview:-1\" \/>\n<link rel=\"canonical\" href=\"https:\/\/claretsabadell.cat\/es\/sant-jordi-2018\/\" \/>\n<meta property=\"og:locale\" content=\"es_ES\" \/>\n<meta property=\"og:type\" content=\"article\" \/>\n<meta property=\"og:title\" content=\"Sant Jordi 2018 - Col\u00b7legi Claret\" \/>\n<meta property=\"og:description\" content=\"Llegenda, cultura, amor&#8230;tots aquests sentiments barrejats amb la il\u00b7lusi\u00f3 que saben posar els nens i les nenes de\u00a0 \u00a0 \u00a0 l&#8217;escola\u00a0 a l\u00b4hora de participar en les diverses modalitats dels jocs florals : dibuix, poesia, contes\u2026 Roses i\u00a0 llibres, bona combinaci\u00f3 per cimentar un futur\u00a0 ferm, ple de contingut de vida. &nbsp; Clicar damunt la [&hellip;]\" \/>\n<meta property=\"og:url\" content=\"https:\/\/claretsabadell.cat\/es\/sant-jordi-2018\/\" \/>\n<meta property=\"og:site_name\" content=\"Col\u00b7legi Claret\" \/>\n<meta property=\"article:publisher\" content=\"https:\/\/www.facebook.com\/ClaretSabadell\/\" \/>\n<meta property=\"article:published_time\" content=\"2018-04-24T05:56:12+00:00\" \/>\n<meta property=\"og:image\" content=\"https:\/\/claretsabadell.cat\/wp-content\/uploads\/2018\/04\/P1010005-300x225.jpg\" \/>\n<meta name=\"author\" content=\"caparicio\" \/>\n<meta name=\"twitter:label1\" content=\"Escrito por\" \/>\n\t<meta name=\"twitter:data1\" content=\"caparicio\" \/>\n<script type=\"application\/ld+json\" class=\"yoast-schema-graph\">{\"@context\":\"https:\\\/\\\/schema.org\",\"@graph\":[{\"@type\":\"Article\",\"@id\":\"https:\\\/\\\/claretsabadell.cat\\\/es\\\/sant-jordi-2018\\\/#article\",\"isPartOf\":{\"@id\":\"https:\\\/\\\/claretsabadell.cat\\\/es\\\/sant-jordi-2018\\\/\"},\"author\":{\"name\":\"caparicio\",\"@id\":\"https:\\\/\\\/claretsabadell.cat\\\/es\\\/#\\\/schema\\\/person\\\/f315154d39905b3522ddecf099fccf5d\"},\"headline\":\"Sant Jordi 2018\",\"datePublished\":\"2018-04-24T05:56:12+00:00\",\"mainEntityOfPage\":{\"@id\":\"https:\\\/\\\/claretsabadell.cat\\\/es\\\/sant-jordi-2018\\\/\"},\"wordCount\":61,\"publisher\":{\"@id\":\"https:\\\/\\\/claretsabadell.cat\\\/es\\\/#organization\"},\"image\":{\"@id\":\"https:\\\/\\\/claretsabadell.cat\\\/es\\\/sant-jordi-2018\\\/#primaryimage\"},\"thumbnailUrl\":\"https:\\\/\\\/claretsabadell.cat\\\/wp-content\\\/uploads\\\/2018\\\/04\\\/P1010005-300x225.jpg\",\"articleSection\":[\"Not\u00edcies\"],\"inLanguage\":\"es\"},{\"@type\":\"WebPage\",\"@id\":\"https:\\\/\\\/claretsabadell.cat\\\/es\\\/sant-jordi-2018\\\/\",\"url\":\"https:\\\/\\\/claretsabadell.cat\\\/es\\\/sant-jordi-2018\\\/\",\"name\":\"Sant Jordi 2018 - Col\u00b7legi Claret\",\"isPartOf\":{\"@id\":\"https:\\\/\\\/claretsabadell.cat\\\/es\\\/#website\"},\"primaryImageOfPage\":{\"@id\":\"https:\\\/\\\/claretsabadell.cat\\\/es\\\/sant-jordi-2018\\\/#primaryimage\"},\"image\":{\"@id\":\"https:\\\/\\\/claretsabadell.cat\\\/es\\\/sant-jordi-2018\\\/#primaryimage\"},\"thumbnailUrl\":\"https:\\\/\\\/claretsabadell.cat\\\/wp-content\\\/uploads\\\/2018\\\/04\\\/P1010005-300x225.jpg\",\"datePublished\":\"2018-04-24T05:56:12+00:00\",\"breadcrumb\":{\"@id\":\"https:\\\/\\\/claretsabadell.cat\\\/es\\\/sant-jordi-2018\\\/#breadcrumb\"},\"inLanguage\":\"es\",\"potentialAction\":[{\"@type\":\"ReadAction\",\"target\":[\"https:\\\/\\\/claretsabadell.cat\\\/es\\\/sant-jordi-2018\\\/\"]}]},{\"@type\":\"ImageObject\",\"inLanguage\":\"es\",\"@id\":\"https:\\\/\\\/claretsabadell.cat\\\/es\\\/sant-jordi-2018\\\/#primaryimage\",\"url\":\"https:\\\/\\\/claretsabadell.cat\\\/wp-content\\\/uploads\\\/2018\\\/04\\\/P1010005-300x225.jpg\",\"contentUrl\":\"https:\\\/\\\/claretsabadell.cat\\\/wp-content\\\/uploads\\\/2018\\\/04\\\/P1010005-300x225.jpg\"},{\"@type\":\"BreadcrumbList\",\"@id\":\"https:\\\/\\\/claretsabadell.cat\\\/es\\\/sant-jordi-2018\\\/#breadcrumb\",\"itemListElement\":[{\"@type\":\"ListItem\",\"position\":1,\"name\":\"Inici\",\"item\":\"https:\\\/\\\/claretsabadell.cat\\\/es\\\/\"},{\"@type\":\"ListItem\",\"position\":2,\"name\":\"Sant Jordi 2018\"}]},{\"@type\":\"WebSite\",\"@id\":\"https:\\\/\\\/claretsabadell.cat\\\/es\\\/#website\",\"url\":\"https:\\\/\\\/claretsabadell.cat\\\/es\\\/\",\"name\":\"Col\u00b7legi Claret\",\"description\":\"Educaci\u00f3 infantil, educaci\u00f3 prim\u00e0ria, ESO a Sabadell\",\"publisher\":{\"@id\":\"https:\\\/\\\/claretsabadell.cat\\\/es\\\/#organization\"},\"potentialAction\":[{\"@type\":\"SearchAction\",\"target\":{\"@type\":\"EntryPoint\",\"urlTemplate\":\"https:\\\/\\\/claretsabadell.cat\\\/es\\\/?s={search_term_string}\"},\"query-input\":{\"@type\":\"PropertyValueSpecification\",\"valueRequired\":true,\"valueName\":\"search_term_string\"}}],\"inLanguage\":\"es\"},{\"@type\":\"Organization\",\"@id\":\"https:\\\/\\\/claretsabadell.cat\\\/es\\\/#organization\",\"name\":\"Col\u00b7legi Claret Sabadell\",\"url\":\"https:\\\/\\\/claretsabadell.cat\\\/es\\\/\",\"logo\":{\"@type\":\"ImageObject\",\"inLanguage\":\"es\",\"@id\":\"https:\\\/\\\/claretsabadell.cat\\\/es\\\/#\\\/schema\\\/logo\\\/image\\\/\",\"url\":\"https:\\\/\\\/claretsabadell.cat\\\/wp-content\\\/uploads\\\/2020\\\/05\\\/claretsabadell.png\",\"contentUrl\":\"https:\\\/\\\/claretsabadell.cat\\\/wp-content\\\/uploads\\\/2020\\\/05\\\/claretsabadell.png\",\"width\":296,\"height\":100,\"caption\":\"Col\u00b7legi Claret Sabadell\"},\"image\":{\"@id\":\"https:\\\/\\\/claretsabadell.cat\\\/es\\\/#\\\/schema\\\/logo\\\/image\\\/\"},\"sameAs\":[\"https:\\\/\\\/www.facebook.com\\\/ClaretSabadell\\\/\",\"https:\\\/\\\/www.instagram.com\\\/claretsabadell\\\/\"]},{\"@type\":\"Person\",\"@id\":\"https:\\\/\\\/claretsabadell.cat\\\/es\\\/#\\\/schema\\\/person\\\/f315154d39905b3522ddecf099fccf5d\",\"name\":\"caparicio\",\"image\":{\"@type\":\"ImageObject\",\"inLanguage\":\"es\",\"@id\":\"https:\\\/\\\/secure.gravatar.com\\\/avatar\\\/1a5a59b76215d6ec635473a4038e7764468a9056019dade3a5147f4a52850459?s=96&d=mm&r=g\",\"url\":\"https:\\\/\\\/secure.gravatar.com\\\/avatar\\\/1a5a59b76215d6ec635473a4038e7764468a9056019dade3a5147f4a52850459?s=96&d=mm&r=g\",\"contentUrl\":\"https:\\\/\\\/secure.gravatar.com\\\/avatar\\\/1a5a59b76215d6ec635473a4038e7764468a9056019dade3a5147f4a52850459?s=96&d=mm&r=g\",\"caption\":\"caparicio\"}}]}<\/script>\n<!-- \/ Yoast SEO plugin. -->","yoast_head_json":{"title":"Sant Jordi 2018 - Col\u00b7legi Claret","robots":{"index":"index","follow":"follow","max-snippet":"max-snippet:-1","max-image-preview":"max-image-preview:large","max-video-preview":"max-video-preview:-1"},"canonical":"https:\/\/claretsabadell.cat\/es\/sant-jordi-2018\/","og_locale":"es_ES","og_type":"article","og_title":"Sant Jordi 2018 - Col\u00b7legi Claret","og_description":"Llegenda, cultura, amor&#8230;tots aquests sentiments barrejats amb la il\u00b7lusi\u00f3 que saben posar els nens i les nenes de\u00a0 \u00a0 \u00a0 l&#8217;escola\u00a0 a l\u00b4hora de participar en les diverses modalitats dels jocs florals : dibuix, poesia, contes\u2026 Roses i\u00a0 llibres, bona combinaci\u00f3 per cimentar un futur\u00a0 ferm, ple de contingut de vida. &nbsp; Clicar damunt la [&hellip;]","og_url":"https:\/\/claretsabadell.cat\/es\/sant-jordi-2018\/","og_site_name":"Col\u00b7legi Claret","article_publisher":"https:\/\/www.facebook.com\/ClaretSabadell\/","article_published_time":"2018-04-24T05:56:12+00:00","og_image":[{"url":"https:\/\/claretsabadell.cat\/wp-content\/uploads\/2018\/04\/P1010005-300x225.jpg","type":"","width":"","height":""}],"author":"caparicio","twitter_misc":{"Escrito por":"caparicio"},"schema":{"@context":"https:\/\/schema.org","@graph":[{"@type":"Article","@id":"https:\/\/claretsabadell.cat\/es\/sant-jordi-2018\/#article","isPartOf":{"@id":"https:\/\/claretsabadell.cat\/es\/sant-jordi-2018\/"},"author":{"name":"caparicio","@id":"https:\/\/claretsabadell.cat\/es\/#\/schema\/person\/f315154d39905b3522ddecf099fccf5d"},"headline":"Sant Jordi 2018","datePublished":"2018-04-24T05:56:12+00:00","mainEntityOfPage":{"@id":"https:\/\/claretsabadell.cat\/es\/sant-jordi-2018\/"},"wordCount":61,"publisher":{"@id":"https:\/\/claretsabadell.cat\/es\/#organization"},"image":{"@id":"https:\/\/claretsabadell.cat\/es\/sant-jordi-2018\/#primaryimage"},"thumbnailUrl":"https:\/\/claretsabadell.cat\/wp-content\/uploads\/2018\/04\/P1010005-300x225.jpg","articleSection":["Not\u00edcies"],"inLanguage":"es"},{"@type":"WebPage","@id":"https:\/\/claretsabadell.cat\/es\/sant-jordi-2018\/","url":"https:\/\/claretsabadell.cat\/es\/sant-jordi-2018\/","name":"Sant Jordi 2018 - Col\u00b7legi Claret","isPartOf":{"@id":"https:\/\/claretsabadell.cat\/es\/#website"},"primaryImageOfPage":{"@id":"https:\/\/claretsabadell.cat\/es\/sant-jordi-2018\/#primaryimage"},"image":{"@id":"https:\/\/claretsabadell.cat\/es\/sant-jordi-2018\/#primaryimage"},"thumbnailUrl":"https:\/\/claretsabadell.cat\/wp-content\/uploads\/2018\/04\/P1010005-300x225.jpg","datePublished":"2018-04-24T05:56:12+00:00","breadcrumb":{"@id":"https:\/\/claretsabadell.cat\/es\/sant-jordi-2018\/#breadcrumb"},"inLanguage":"es","potentialAction":[{"@type":"ReadAction","target":["https:\/\/claretsabadell.cat\/es\/sant-jordi-2018\/"]}]},{"@type":"ImageObject","inLanguage":"es","@id":"https:\/\/claretsabadell.cat\/es\/sant-jordi-2018\/#primaryimage","url":"https:\/\/claretsabadell.cat\/wp-content\/uploads\/2018\/04\/P1010005-300x225.jpg","contentUrl":"https:\/\/claretsabadell.cat\/wp-content\/uploads\/2018\/04\/P1010005-300x225.jpg"},{"@type":"BreadcrumbList","@id":"https:\/\/claretsabadell.cat\/es\/sant-jordi-2018\/#breadcrumb","itemListElement":[{"@type":"ListItem","position":1,"name":"Inici","item":"https:\/\/claretsabadell.cat\/es\/"},{"@type":"ListItem","position":2,"name":"Sant Jordi 2018"}]},{"@type":"WebSite","@id":"https:\/\/claretsabadell.cat\/es\/#website","url":"https:\/\/claretsabadell.cat\/es\/","name":"Col\u00b7legi Claret","description":"Educaci\u00f3 infantil, educaci\u00f3 prim\u00e0ria, ESO a Sabadell","publisher":{"@id":"https:\/\/claretsabadell.cat\/es\/#organization"},"potentialAction":[{"@type":"SearchAction","target":{"@type":"EntryPoint","urlTemplate":"https:\/\/claretsabadell.cat\/es\/?s={search_term_string}"},"query-input":{"@type":"PropertyValueSpecification","valueRequired":true,"valueName":"search_term_string"}}],"inLanguage":"es"},{"@type":"Organization","@id":"https:\/\/claretsabadell.cat\/es\/#organization","name":"Col\u00b7legi Claret Sabadell","url":"https:\/\/claretsabadell.cat\/es\/","logo":{"@type":"ImageObject","inLanguage":"es","@id":"https:\/\/claretsabadell.cat\/es\/#\/schema\/logo\/image\/","url":"https:\/\/claretsabadell.cat\/wp-content\/uploads\/2020\/05\/claretsabadell.png","contentUrl":"https:\/\/claretsabadell.cat\/wp-content\/uploads\/2020\/05\/claretsabadell.png","width":296,"height":100,"caption":"Col\u00b7legi Claret Sabadell"},"image":{"@id":"https:\/\/claretsabadell.cat\/es\/#\/schema\/logo\/image\/"},"sameAs":["https:\/\/www.facebook.com\/ClaretSabadell\/","https:\/\/www.instagram.com\/claretsabadell\/"]},{"@type":"Person","@id":"https:\/\/claretsabadell.cat\/es\/#\/schema\/person\/f315154d39905b3522ddecf099fccf5d","name":"caparicio","image":{"@type":"ImageObject","inLanguage":"es","@id":"https:\/\/secure.gravatar.com\/avatar\/1a5a59b76215d6ec635473a4038e7764468a9056019dade3a5147f4a52850459?s=96&d=mm&r=g","url":"https:\/\/secure.gravatar.com\/avatar\/1a5a59b76215d6ec635473a4038e7764468a9056019dade3a5147f4a52850459?s=96&d=mm&r=g","contentUrl":"https:\/\/secure.gravatar.com\/avatar\/1a5a59b76215d6ec635473a4038e7764468a9056019dade3a5147f4a52850459?s=96&d=mm&r=g","caption":"caparicio"}}]}},"_links":{"self":[{"href":"https:\/\/claretsabadell.cat\/es\/wp-json\/wp\/v2\/posts\/3025","targetHints":{"allow":["GET"]}}],"collection":[{"href":"https:\/\/claretsabadell.cat\/es\/wp-json\/wp\/v2\/posts"}],"about":[{"href":"https:\/\/claretsabadell.cat\/es\/wp-json\/wp\/v2\/types\/post"}],"author":[{"embeddable":true,"href":"https:\/\/claretsabadell.cat\/es\/wp-json\/wp\/v2\/users\/2"}],"replies":[{"embeddable":true,"href":"https:\/\/claretsabadell.cat\/es\/wp-json\/wp\/v2\/comments?post=3025"}],"version-history":[{"count":0,"href":"https:\/\/claretsabadell.cat\/es\/wp-json\/wp\/v2\/posts\/3025\/revisions"}],"wp:attachment":[{"href":"https:\/\/claretsabadell.cat\/es\/wp-json\/wp\/v2\/media?parent=3025"}],"wp:term":[{"taxonomy":"category","embeddable":true,"href":"https:\/\/claretsabadell.cat\/es\/wp-json\/wp\/v2\/categories?post=3025"},{"taxonomy":"post_tag","embeddable":true,"href":"https:\/\/claretsabadell.cat\/es\/wp-json\/wp\/v2\/tags?post=3025"}],"curies":[{"name":"wp","href":"https:\/\/api.w.org\/{rel}","templated":true}]}}