{"id":3249,"date":"2018-10-11T11:10:13","date_gmt":"2018-10-11T11:10:13","guid":{"rendered":"https:\/\/claretsabadell.cat\/?p=3249"},"modified":"2018-10-11T11:10:13","modified_gmt":"2018-10-11T11:10:13","slug":"fomentem-lus-responsable-de-la-tecnologia","status":"publish","type":"post","link":"https:\/\/claretsabadell.cat\/es\/fomentem-lus-responsable-de-la-tecnologia\/","title":{"rendered":"Fomentem l&#8217;\u00fas responsable de la tecnologia"},"content":{"rendered":"<div style=\"text-align: justify;\"><span style=\"font-family: arial, helvetica, sans-serif; font-size: 14pt; color: #000000;\">Dins del cicle de xerrades de \u00bb l&#8217;Escola de pares\u00bb, que organitza l&#8217;AMPA del Col.legi Claret, ahir, 10 d&#8217;octubre, va tenir lloc la primera d&#8217;elles amb el t\u00edtol <em>\u00abNuestros hijos y el uso de Internet: m\u00f3viles y tabletas. Problemas y soluciones\u00bb.\u00a0 \u00a0 <\/em><\/span><\/div>\n<div style=\"text-align: justify;\"><span style=\"font-family: arial, helvetica, sans-serif; font-size: 14pt; color: #000000;\"><em><a href=\"https:\/\/claretsabadell.cat\/wp-content\/uploads\/2018\/10\/FC53B9AD-15BF-447D-B61B-C10ADD1D429D.jpeg\"><img fetchpriority=\"high\" decoding=\"async\" class=\"alignnone size-medium wp-image-3267\" src=\"https:\/\/claretsabadell.cat\/wp-content\/uploads\/2018\/10\/FC53B9AD-15BF-447D-B61B-C10ADD1D429D-300x169.jpeg\" alt=\"\" width=\"300\" height=\"169\" \/><\/a> <a href=\"https:\/\/claretsabadell.cat\/wp-content\/uploads\/2018\/10\/93719314-3692-48FA-88CA-3E85F8209696.jpeg\"><img decoding=\"async\" class=\"size-medium wp-image-3268 alignnone lazyload\" data-src=\"https:\/\/claretsabadell.cat\/wp-content\/uploads\/2018\/10\/93719314-3692-48FA-88CA-3E85F8209696-300x169.jpeg\" alt=\"\" width=\"300\" height=\"169\" src=\"data:image\/svg+xml;base64,PHN2ZyB3aWR0aD0iMSIgaGVpZ2h0PSIxIiB4bWxucz0iaHR0cDovL3d3dy53My5vcmcvMjAwMC9zdmciPjwvc3ZnPg==\" style=\"--smush-placeholder-width: 300px; --smush-placeholder-aspect-ratio: 300\/169;\" \/><\/a>\u00a0 \u00a0 \u00a0 \u00a0 \u00a0 \u00a0 \u00a0 \u00a0 \u00a0 \u00a0 \u00a0 \u00a0 \u00a0 \u00a0 \u00a0 \u00a0 \u00a0 \u00a0 \u00a0\u00a0<\/em><\/span><\/div>\n<div><\/div>\n<div><\/div>\n<div><\/div>\n<div><\/div>\n<div style=\"text-align: justify;\"><span style=\"font-family: arial, helvetica, sans-serif; font-size: 14pt; color: #000000;\">I avui<\/span><span style=\"font-family: arial, helvetica, sans-serif; font-size: 14pt; color: #000000;\">, el ponent Sr. Guillermo C\u00e1novas, director d&#8217;EducaLIKE ha fet una adaptaci\u00f3, de la xerrada, per als alumnes de Cicle Superior de Prim\u00e0ria i primer cicle de l&#8217;ESO.<\/span><\/div>\n<div style=\"text-align: justify;\"><span style=\"font-family: arial, helvetica, sans-serif; font-size: 14pt; color: #000000;\">Sens dubte \u00e9s un tema actual,\u00a0<\/span><span style=\"font-family: arial, helvetica, sans-serif; font-size: 14pt; color: #000000;\">que ocupa i de vegades preocupa els pares i educadors.<\/span><\/div>\n<div><\/div>\n<div><a href=\"https:\/\/claretsabadell.cat\/wp-content\/uploads\/2018\/10\/B128CA94-6E3B-4667-8C70-117CFCF81738.jpeg\"><img decoding=\"async\" class=\"alignnone size-medium wp-image-3270 lazyload\" data-src=\"https:\/\/claretsabadell.cat\/wp-content\/uploads\/2018\/10\/B128CA94-6E3B-4667-8C70-117CFCF81738-300x225.jpeg\" alt=\"\" width=\"300\" height=\"225\" src=\"data:image\/svg+xml;base64,PHN2ZyB3aWR0aD0iMSIgaGVpZ2h0PSIxIiB4bWxucz0iaHR0cDovL3d3dy53My5vcmcvMjAwMC9zdmciPjwvc3ZnPg==\" style=\"--smush-placeholder-width: 300px; --smush-placeholder-aspect-ratio: 300\/225;\" \/><\/a> <a href=\"https:\/\/claretsabadell.cat\/wp-content\/uploads\/2018\/10\/BA488A13-1FFD-4591-A127-96E560724741.jpeg\"><img decoding=\"async\" class=\"alignnone size-medium wp-image-3271 lazyload\" data-src=\"https:\/\/claretsabadell.cat\/wp-content\/uploads\/2018\/10\/BA488A13-1FFD-4591-A127-96E560724741-300x225.jpeg\" alt=\"\" width=\"300\" height=\"225\" src=\"data:image\/svg+xml;base64,PHN2ZyB3aWR0aD0iMSIgaGVpZ2h0PSIxIiB4bWxucz0iaHR0cDovL3d3dy53My5vcmcvMjAwMC9zdmciPjwvc3ZnPg==\" style=\"--smush-placeholder-width: 300px; --smush-placeholder-aspect-ratio: 300\/225;\" \/><\/a><\/div>\n<div style=\"text-align: justify;\"><span style=\"font-family: arial, helvetica, sans-serif; font-size: 14pt; color: #000000;\">El Sr. C\u00e1novas ha explicat a pares i alumnes els perills que comporta el mal \u00fas o desconeixement de les xarxes socials, encara que cal recon\u00e8ixer que la bona utilitzaci\u00f3 o, si m\u00e9s no, un m\u00ednim domini d&#8217;aquesta tecnologia, aporta uns avantatges molt positius .<\/span><\/div>\n<div><\/div>\n","protected":false},"excerpt":{"rendered":"<p>Dins del cicle de xerrades de \u00bb l&#8217;Escola de pares\u00bb, que organitza l&#8217;AMPA del Col.legi Claret, ahir, 10 d&#8217;octubre, va tenir lloc la primera d&#8217;elles amb el t\u00edtol \u00abNuestros hijos y el uso de Internet: m\u00f3viles y tabletas. Problemas y soluciones\u00bb.\u00a0 \u00a0 \u00a0 \u00a0 \u00a0 \u00a0 \u00a0 \u00a0 \u00a0 \u00a0 \u00a0 \u00a0 \u00a0 \u00a0 \u00a0 [&hellip;]<\/p>\n","protected":false},"author":2,"featured_media":0,"comment_status":"closed","ping_status":"closed","sticky":false,"template":"","format":"standard","meta":{"inline_featured_image":false,"_joinchat":[],"footnotes":""},"categories":[5],"tags":[],"class_list":["post-3249","post","type-post","status-publish","format-standard","hentry","category-noticies"],"yoast_head":"<!-- This site is optimized with the Yoast SEO plugin v27.5 - https:\/\/yoast.com\/product\/yoast-seo-wordpress\/ -->\n<title>Fomentem l&#039;\u00fas responsable de la tecnologia - Col\u00b7legi Claret<\/title>\n<meta name=\"robots\" content=\"index, follow, max-snippet:-1, max-image-preview:large, max-video-preview:-1\" \/>\n<link rel=\"canonical\" href=\"https:\/\/claretsabadell.cat\/es\/fomentem-lus-responsable-de-la-tecnologia\/\" \/>\n<meta property=\"og:locale\" content=\"es_ES\" \/>\n<meta property=\"og:type\" content=\"article\" \/>\n<meta property=\"og:title\" content=\"Fomentem l&#039;\u00fas responsable de la tecnologia - Col\u00b7legi Claret\" \/>\n<meta property=\"og:description\" content=\"Dins del cicle de xerrades de \u00bb l&#8217;Escola de pares\u00bb, que organitza l&#8217;AMPA del Col.legi Claret, ahir, 10 d&#8217;octubre, va tenir lloc la primera d&#8217;elles amb el t\u00edtol \u00abNuestros hijos y el uso de Internet: m\u00f3viles y tabletas. Problemas y soluciones\u00bb.\u00a0 \u00a0 \u00a0 \u00a0 \u00a0 \u00a0 \u00a0 \u00a0 \u00a0 \u00a0 \u00a0 \u00a0 \u00a0 \u00a0 \u00a0 [&hellip;]\" \/>\n<meta property=\"og:url\" content=\"https:\/\/claretsabadell.cat\/es\/fomentem-lus-responsable-de-la-tecnologia\/\" \/>\n<meta property=\"og:site_name\" content=\"Col\u00b7legi Claret\" \/>\n<meta property=\"article:publisher\" content=\"https:\/\/www.facebook.com\/ClaretSabadell\/\" \/>\n<meta property=\"article:published_time\" content=\"2018-10-11T11:10:13+00:00\" \/>\n<meta property=\"og:image\" content=\"https:\/\/claretsabadell.cat\/wp-content\/uploads\/2018\/10\/FC53B9AD-15BF-447D-B61B-C10ADD1D429D-300x169.jpeg\" \/>\n<meta name=\"author\" content=\"caparicio\" \/>\n<meta name=\"twitter:label1\" content=\"Escrito por\" \/>\n\t<meta name=\"twitter:data1\" content=\"caparicio\" \/>\n\t<meta name=\"twitter:label2\" content=\"Tiempo de lectura\" \/>\n\t<meta name=\"twitter:data2\" content=\"1 minuto\" \/>\n<script type=\"application\/ld+json\" class=\"yoast-schema-graph\">{\"@context\":\"https:\\\/\\\/schema.org\",\"@graph\":[{\"@type\":\"Article\",\"@id\":\"https:\\\/\\\/claretsabadell.cat\\\/es\\\/fomentem-lus-responsable-de-la-tecnologia\\\/#article\",\"isPartOf\":{\"@id\":\"https:\\\/\\\/claretsabadell.cat\\\/es\\\/fomentem-lus-responsable-de-la-tecnologia\\\/\"},\"author\":{\"name\":\"caparicio\",\"@id\":\"https:\\\/\\\/claretsabadell.cat\\\/es\\\/#\\\/schema\\\/person\\\/f315154d39905b3522ddecf099fccf5d\"},\"headline\":\"Fomentem l&#8217;\u00fas responsable de la tecnologia\",\"datePublished\":\"2018-10-11T11:10:13+00:00\",\"mainEntityOfPage\":{\"@id\":\"https:\\\/\\\/claretsabadell.cat\\\/es\\\/fomentem-lus-responsable-de-la-tecnologia\\\/\"},\"wordCount\":151,\"publisher\":{\"@id\":\"https:\\\/\\\/claretsabadell.cat\\\/es\\\/#organization\"},\"image\":{\"@id\":\"https:\\\/\\\/claretsabadell.cat\\\/es\\\/fomentem-lus-responsable-de-la-tecnologia\\\/#primaryimage\"},\"thumbnailUrl\":\"https:\\\/\\\/claretsabadell.cat\\\/wp-content\\\/uploads\\\/2018\\\/10\\\/FC53B9AD-15BF-447D-B61B-C10ADD1D429D-300x169.jpeg\",\"articleSection\":[\"Not\u00edcies\"],\"inLanguage\":\"es\"},{\"@type\":\"WebPage\",\"@id\":\"https:\\\/\\\/claretsabadell.cat\\\/es\\\/fomentem-lus-responsable-de-la-tecnologia\\\/\",\"url\":\"https:\\\/\\\/claretsabadell.cat\\\/es\\\/fomentem-lus-responsable-de-la-tecnologia\\\/\",\"name\":\"Fomentem l'\u00fas responsable de la tecnologia - Col\u00b7legi Claret\",\"isPartOf\":{\"@id\":\"https:\\\/\\\/claretsabadell.cat\\\/es\\\/#website\"},\"primaryImageOfPage\":{\"@id\":\"https:\\\/\\\/claretsabadell.cat\\\/es\\\/fomentem-lus-responsable-de-la-tecnologia\\\/#primaryimage\"},\"image\":{\"@id\":\"https:\\\/\\\/claretsabadell.cat\\\/es\\\/fomentem-lus-responsable-de-la-tecnologia\\\/#primaryimage\"},\"thumbnailUrl\":\"https:\\\/\\\/claretsabadell.cat\\\/wp-content\\\/uploads\\\/2018\\\/10\\\/FC53B9AD-15BF-447D-B61B-C10ADD1D429D-300x169.jpeg\",\"datePublished\":\"2018-10-11T11:10:13+00:00\",\"breadcrumb\":{\"@id\":\"https:\\\/\\\/claretsabadell.cat\\\/es\\\/fomentem-lus-responsable-de-la-tecnologia\\\/#breadcrumb\"},\"inLanguage\":\"es\",\"potentialAction\":[{\"@type\":\"ReadAction\",\"target\":[\"https:\\\/\\\/claretsabadell.cat\\\/es\\\/fomentem-lus-responsable-de-la-tecnologia\\\/\"]}]},{\"@type\":\"ImageObject\",\"inLanguage\":\"es\",\"@id\":\"https:\\\/\\\/claretsabadell.cat\\\/es\\\/fomentem-lus-responsable-de-la-tecnologia\\\/#primaryimage\",\"url\":\"https:\\\/\\\/claretsabadell.cat\\\/wp-content\\\/uploads\\\/2018\\\/10\\\/FC53B9AD-15BF-447D-B61B-C10ADD1D429D-300x169.jpeg\",\"contentUrl\":\"https:\\\/\\\/claretsabadell.cat\\\/wp-content\\\/uploads\\\/2018\\\/10\\\/FC53B9AD-15BF-447D-B61B-C10ADD1D429D-300x169.jpeg\"},{\"@type\":\"BreadcrumbList\",\"@id\":\"https:\\\/\\\/claretsabadell.cat\\\/es\\\/fomentem-lus-responsable-de-la-tecnologia\\\/#breadcrumb\",\"itemListElement\":[{\"@type\":\"ListItem\",\"position\":1,\"name\":\"Inici\",\"item\":\"https:\\\/\\\/claretsabadell.cat\\\/es\\\/\"},{\"@type\":\"ListItem\",\"position\":2,\"name\":\"Fomentem l&#8217;\u00fas responsable de la tecnologia\"}]},{\"@type\":\"WebSite\",\"@id\":\"https:\\\/\\\/claretsabadell.cat\\\/es\\\/#website\",\"url\":\"https:\\\/\\\/claretsabadell.cat\\\/es\\\/\",\"name\":\"Col\u00b7legi Claret\",\"description\":\"Educaci\u00f3 infantil, educaci\u00f3 prim\u00e0ria, ESO a Sabadell\",\"publisher\":{\"@id\":\"https:\\\/\\\/claretsabadell.cat\\\/es\\\/#organization\"},\"potentialAction\":[{\"@type\":\"SearchAction\",\"target\":{\"@type\":\"EntryPoint\",\"urlTemplate\":\"https:\\\/\\\/claretsabadell.cat\\\/es\\\/?s={search_term_string}\"},\"query-input\":{\"@type\":\"PropertyValueSpecification\",\"valueRequired\":true,\"valueName\":\"search_term_string\"}}],\"inLanguage\":\"es\"},{\"@type\":\"Organization\",\"@id\":\"https:\\\/\\\/claretsabadell.cat\\\/es\\\/#organization\",\"name\":\"Col\u00b7legi Claret Sabadell\",\"url\":\"https:\\\/\\\/claretsabadell.cat\\\/es\\\/\",\"logo\":{\"@type\":\"ImageObject\",\"inLanguage\":\"es\",\"@id\":\"https:\\\/\\\/claretsabadell.cat\\\/es\\\/#\\\/schema\\\/logo\\\/image\\\/\",\"url\":\"https:\\\/\\\/claretsabadell.cat\\\/wp-content\\\/uploads\\\/2020\\\/05\\\/claretsabadell.png\",\"contentUrl\":\"https:\\\/\\\/claretsabadell.cat\\\/wp-content\\\/uploads\\\/2020\\\/05\\\/claretsabadell.png\",\"width\":296,\"height\":100,\"caption\":\"Col\u00b7legi Claret Sabadell\"},\"image\":{\"@id\":\"https:\\\/\\\/claretsabadell.cat\\\/es\\\/#\\\/schema\\\/logo\\\/image\\\/\"},\"sameAs\":[\"https:\\\/\\\/www.facebook.com\\\/ClaretSabadell\\\/\",\"https:\\\/\\\/www.instagram.com\\\/claretsabadell\\\/\"]},{\"@type\":\"Person\",\"@id\":\"https:\\\/\\\/claretsabadell.cat\\\/es\\\/#\\\/schema\\\/person\\\/f315154d39905b3522ddecf099fccf5d\",\"name\":\"caparicio\",\"image\":{\"@type\":\"ImageObject\",\"inLanguage\":\"es\",\"@id\":\"https:\\\/\\\/secure.gravatar.com\\\/avatar\\\/1a5a59b76215d6ec635473a4038e7764468a9056019dade3a5147f4a52850459?s=96&d=mm&r=g\",\"url\":\"https:\\\/\\\/secure.gravatar.com\\\/avatar\\\/1a5a59b76215d6ec635473a4038e7764468a9056019dade3a5147f4a52850459?s=96&d=mm&r=g\",\"contentUrl\":\"https:\\\/\\\/secure.gravatar.com\\\/avatar\\\/1a5a59b76215d6ec635473a4038e7764468a9056019dade3a5147f4a52850459?s=96&d=mm&r=g\",\"caption\":\"caparicio\"}}]}<\/script>\n<!-- \/ Yoast SEO plugin. -->","yoast_head_json":{"title":"Fomentem l'\u00fas responsable de la tecnologia - Col\u00b7legi Claret","robots":{"index":"index","follow":"follow","max-snippet":"max-snippet:-1","max-image-preview":"max-image-preview:large","max-video-preview":"max-video-preview:-1"},"canonical":"https:\/\/claretsabadell.cat\/es\/fomentem-lus-responsable-de-la-tecnologia\/","og_locale":"es_ES","og_type":"article","og_title":"Fomentem l'\u00fas responsable de la tecnologia - Col\u00b7legi Claret","og_description":"Dins del cicle de xerrades de \u00bb l&#8217;Escola de pares\u00bb, que organitza l&#8217;AMPA del Col.legi Claret, ahir, 10 d&#8217;octubre, va tenir lloc la primera d&#8217;elles amb el t\u00edtol \u00abNuestros hijos y el uso de Internet: m\u00f3viles y tabletas. Problemas y soluciones\u00bb.\u00a0 \u00a0 \u00a0 \u00a0 \u00a0 \u00a0 \u00a0 \u00a0 \u00a0 \u00a0 \u00a0 \u00a0 \u00a0 \u00a0 \u00a0 [&hellip;]","og_url":"https:\/\/claretsabadell.cat\/es\/fomentem-lus-responsable-de-la-tecnologia\/","og_site_name":"Col\u00b7legi Claret","article_publisher":"https:\/\/www.facebook.com\/ClaretSabadell\/","article_published_time":"2018-10-11T11:10:13+00:00","og_image":[{"url":"https:\/\/claretsabadell.cat\/wp-content\/uploads\/2018\/10\/FC53B9AD-15BF-447D-B61B-C10ADD1D429D-300x169.jpeg","type":"","width":"","height":""}],"author":"caparicio","twitter_misc":{"Escrito por":"caparicio","Tiempo de lectura":"1 minuto"},"schema":{"@context":"https:\/\/schema.org","@graph":[{"@type":"Article","@id":"https:\/\/claretsabadell.cat\/es\/fomentem-lus-responsable-de-la-tecnologia\/#article","isPartOf":{"@id":"https:\/\/claretsabadell.cat\/es\/fomentem-lus-responsable-de-la-tecnologia\/"},"author":{"name":"caparicio","@id":"https:\/\/claretsabadell.cat\/es\/#\/schema\/person\/f315154d39905b3522ddecf099fccf5d"},"headline":"Fomentem l&#8217;\u00fas responsable de la tecnologia","datePublished":"2018-10-11T11:10:13+00:00","mainEntityOfPage":{"@id":"https:\/\/claretsabadell.cat\/es\/fomentem-lus-responsable-de-la-tecnologia\/"},"wordCount":151,"publisher":{"@id":"https:\/\/claretsabadell.cat\/es\/#organization"},"image":{"@id":"https:\/\/claretsabadell.cat\/es\/fomentem-lus-responsable-de-la-tecnologia\/#primaryimage"},"thumbnailUrl":"https:\/\/claretsabadell.cat\/wp-content\/uploads\/2018\/10\/FC53B9AD-15BF-447D-B61B-C10ADD1D429D-300x169.jpeg","articleSection":["Not\u00edcies"],"inLanguage":"es"},{"@type":"WebPage","@id":"https:\/\/claretsabadell.cat\/es\/fomentem-lus-responsable-de-la-tecnologia\/","url":"https:\/\/claretsabadell.cat\/es\/fomentem-lus-responsable-de-la-tecnologia\/","name":"Fomentem l'\u00fas responsable de la tecnologia - Col\u00b7legi Claret","isPartOf":{"@id":"https:\/\/claretsabadell.cat\/es\/#website"},"primaryImageOfPage":{"@id":"https:\/\/claretsabadell.cat\/es\/fomentem-lus-responsable-de-la-tecnologia\/#primaryimage"},"image":{"@id":"https:\/\/claretsabadell.cat\/es\/fomentem-lus-responsable-de-la-tecnologia\/#primaryimage"},"thumbnailUrl":"https:\/\/claretsabadell.cat\/wp-content\/uploads\/2018\/10\/FC53B9AD-15BF-447D-B61B-C10ADD1D429D-300x169.jpeg","datePublished":"2018-10-11T11:10:13+00:00","breadcrumb":{"@id":"https:\/\/claretsabadell.cat\/es\/fomentem-lus-responsable-de-la-tecnologia\/#breadcrumb"},"inLanguage":"es","potentialAction":[{"@type":"ReadAction","target":["https:\/\/claretsabadell.cat\/es\/fomentem-lus-responsable-de-la-tecnologia\/"]}]},{"@type":"ImageObject","inLanguage":"es","@id":"https:\/\/claretsabadell.cat\/es\/fomentem-lus-responsable-de-la-tecnologia\/#primaryimage","url":"https:\/\/claretsabadell.cat\/wp-content\/uploads\/2018\/10\/FC53B9AD-15BF-447D-B61B-C10ADD1D429D-300x169.jpeg","contentUrl":"https:\/\/claretsabadell.cat\/wp-content\/uploads\/2018\/10\/FC53B9AD-15BF-447D-B61B-C10ADD1D429D-300x169.jpeg"},{"@type":"BreadcrumbList","@id":"https:\/\/claretsabadell.cat\/es\/fomentem-lus-responsable-de-la-tecnologia\/#breadcrumb","itemListElement":[{"@type":"ListItem","position":1,"name":"Inici","item":"https:\/\/claretsabadell.cat\/es\/"},{"@type":"ListItem","position":2,"name":"Fomentem l&#8217;\u00fas responsable de la tecnologia"}]},{"@type":"WebSite","@id":"https:\/\/claretsabadell.cat\/es\/#website","url":"https:\/\/claretsabadell.cat\/es\/","name":"Col\u00b7legi Claret","description":"Educaci\u00f3 infantil, educaci\u00f3 prim\u00e0ria, ESO a Sabadell","publisher":{"@id":"https:\/\/claretsabadell.cat\/es\/#organization"},"potentialAction":[{"@type":"SearchAction","target":{"@type":"EntryPoint","urlTemplate":"https:\/\/claretsabadell.cat\/es\/?s={search_term_string}"},"query-input":{"@type":"PropertyValueSpecification","valueRequired":true,"valueName":"search_term_string"}}],"inLanguage":"es"},{"@type":"Organization","@id":"https:\/\/claretsabadell.cat\/es\/#organization","name":"Col\u00b7legi Claret Sabadell","url":"https:\/\/claretsabadell.cat\/es\/","logo":{"@type":"ImageObject","inLanguage":"es","@id":"https:\/\/claretsabadell.cat\/es\/#\/schema\/logo\/image\/","url":"https:\/\/claretsabadell.cat\/wp-content\/uploads\/2020\/05\/claretsabadell.png","contentUrl":"https:\/\/claretsabadell.cat\/wp-content\/uploads\/2020\/05\/claretsabadell.png","width":296,"height":100,"caption":"Col\u00b7legi Claret Sabadell"},"image":{"@id":"https:\/\/claretsabadell.cat\/es\/#\/schema\/logo\/image\/"},"sameAs":["https:\/\/www.facebook.com\/ClaretSabadell\/","https:\/\/www.instagram.com\/claretsabadell\/"]},{"@type":"Person","@id":"https:\/\/claretsabadell.cat\/es\/#\/schema\/person\/f315154d39905b3522ddecf099fccf5d","name":"caparicio","image":{"@type":"ImageObject","inLanguage":"es","@id":"https:\/\/secure.gravatar.com\/avatar\/1a5a59b76215d6ec635473a4038e7764468a9056019dade3a5147f4a52850459?s=96&d=mm&r=g","url":"https:\/\/secure.gravatar.com\/avatar\/1a5a59b76215d6ec635473a4038e7764468a9056019dade3a5147f4a52850459?s=96&d=mm&r=g","contentUrl":"https:\/\/secure.gravatar.com\/avatar\/1a5a59b76215d6ec635473a4038e7764468a9056019dade3a5147f4a52850459?s=96&d=mm&r=g","caption":"caparicio"}}]}},"_links":{"self":[{"href":"https:\/\/claretsabadell.cat\/es\/wp-json\/wp\/v2\/posts\/3249","targetHints":{"allow":["GET"]}}],"collection":[{"href":"https:\/\/claretsabadell.cat\/es\/wp-json\/wp\/v2\/posts"}],"about":[{"href":"https:\/\/claretsabadell.cat\/es\/wp-json\/wp\/v2\/types\/post"}],"author":[{"embeddable":true,"href":"https:\/\/claretsabadell.cat\/es\/wp-json\/wp\/v2\/users\/2"}],"replies":[{"embeddable":true,"href":"https:\/\/claretsabadell.cat\/es\/wp-json\/wp\/v2\/comments?post=3249"}],"version-history":[{"count":0,"href":"https:\/\/claretsabadell.cat\/es\/wp-json\/wp\/v2\/posts\/3249\/revisions"}],"wp:attachment":[{"href":"https:\/\/claretsabadell.cat\/es\/wp-json\/wp\/v2\/media?parent=3249"}],"wp:term":[{"taxonomy":"category","embeddable":true,"href":"https:\/\/claretsabadell.cat\/es\/wp-json\/wp\/v2\/categories?post=3249"},{"taxonomy":"post_tag","embeddable":true,"href":"https:\/\/claretsabadell.cat\/es\/wp-json\/wp\/v2\/tags?post=3249"}],"curies":[{"name":"wp","href":"https:\/\/api.w.org\/{rel}","templated":true}]}}