{"id":3354,"date":"2018-12-25T08:51:21","date_gmt":"2018-12-25T08:51:21","guid":{"rendered":"https:\/\/claretsabadell.cat\/?p=3354"},"modified":"2018-12-25T08:51:21","modified_gmt":"2018-12-25T08:51:21","slug":"concerts-de-nadal-2","status":"publish","type":"post","link":"https:\/\/claretsabadell.cat\/es\/concerts-de-nadal-2\/","title":{"rendered":"Concerts de Nadal"},"content":{"rendered":"<p><span style=\"font-family: arial, helvetica, sans-serif; font-size: 14pt;\">El passat 19 de desembre els alumnes de prim\u00e0ria van omplir el pati de l&#8217;escola d&#8217;ambient nadalenc amb \u00bb Un toc de pastorets\u00bb, una bonica i original adaptaci\u00f3 dels pastorets. Molt b\u00e9 per als joves artistes!!!<\/span><\/p>\n<p><a href=\"https:\/\/claretsabadell.cat\/wp-content\/uploads\/2018\/12\/IMG-20181220-WA0038.jpg\"><img decoding=\"async\" class=\"alignnone  wp-image-3355 lazyload\" data-src=\"https:\/\/claretsabadell.cat\/wp-content\/uploads\/2018\/12\/IMG-20181220-WA0038-300x225.jpg\" alt=\"\" width=\"248\" height=\"185\" src=\"data:image\/svg+xml;base64,PHN2ZyB3aWR0aD0iMSIgaGVpZ2h0PSIxIiB4bWxucz0iaHR0cDovL3d3dy53My5vcmcvMjAwMC9zdmciPjwvc3ZnPg==\" style=\"--smush-placeholder-width: 248px; --smush-placeholder-aspect-ratio: 248\/185;\" \/><\/a><a href=\"https:\/\/claretsabadell.cat\/wp-content\/uploads\/2018\/12\/IMG-20181220-WA0045.jpg\"><img decoding=\"async\" class=\"alignnone  wp-image-3356 lazyload\" data-src=\"https:\/\/claretsabadell.cat\/wp-content\/uploads\/2018\/12\/IMG-20181220-WA0045-300x225.jpg\" alt=\"\" width=\"250\" height=\"187\" src=\"data:image\/svg+xml;base64,PHN2ZyB3aWR0aD0iMSIgaGVpZ2h0PSIxIiB4bWxucz0iaHR0cDovL3d3dy53My5vcmcvMjAwMC9zdmciPjwvc3ZnPg==\" style=\"--smush-placeholder-width: 250px; --smush-placeholder-aspect-ratio: 250\/187;\" \/><\/a><a href=\"https:\/\/claretsabadell.cat\/wp-content\/uploads\/2018\/12\/IMG-20181220-WA0048.jpg\"><img decoding=\"async\" class=\"alignnone  wp-image-3357 lazyload\" data-src=\"https:\/\/claretsabadell.cat\/wp-content\/uploads\/2018\/12\/IMG-20181220-WA0048-300x225.jpg\" alt=\"\" width=\"248\" height=\"187\" src=\"data:image\/svg+xml;base64,PHN2ZyB3aWR0aD0iMSIgaGVpZ2h0PSIxIiB4bWxucz0iaHR0cDovL3d3dy53My5vcmcvMjAwMC9zdmciPjwvc3ZnPg==\" style=\"--smush-placeholder-width: 248px; --smush-placeholder-aspect-ratio: 248\/187;\" \/><\/a><\/p>\n<p><span style=\"font-family: arial, helvetica, sans-serif; font-size: 14pt;\">I el dia 20 els nens i les nenes\u00a0 d&#8217;Infantil van fer el seu debut en el concert de Nadal, omplint el teatre amb les seves tendres i dolces veus. Fant\u00e0stic!!!<\/span><\/p>\n<p><a href=\"https:\/\/claretsabadell.cat\/wp-content\/uploads\/2018\/12\/IMG-20181220-WA0112.jpg\"><img decoding=\"async\" class=\"alignnone  wp-image-3362 lazyload\" data-src=\"https:\/\/claretsabadell.cat\/wp-content\/uploads\/2018\/12\/IMG-20181220-WA0112-300x225.jpg\" alt=\"\" width=\"356\" height=\"267\" src=\"data:image\/svg+xml;base64,PHN2ZyB3aWR0aD0iMSIgaGVpZ2h0PSIxIiB4bWxucz0iaHR0cDovL3d3dy53My5vcmcvMjAwMC9zdmciPjwvc3ZnPg==\" style=\"--smush-placeholder-width: 356px; --smush-placeholder-aspect-ratio: 356\/267;\" \/><\/a>\u00a0 \u00a0 \u00a0 \u00a0 \u00a0 \u00a0 \u00a0<a href=\"https:\/\/claretsabadell.cat\/wp-content\/uploads\/2018\/12\/IMG-20181220-WA0116.jpg\"><img decoding=\"async\" class=\"alignnone  wp-image-3361 lazyload\" data-src=\"https:\/\/claretsabadell.cat\/wp-content\/uploads\/2018\/12\/IMG-20181220-WA0116-300x225.jpg\" alt=\"\" width=\"352\" height=\"264\" src=\"data:image\/svg+xml;base64,PHN2ZyB3aWR0aD0iMSIgaGVpZ2h0PSIxIiB4bWxucz0iaHR0cDovL3d3dy53My5vcmcvMjAwMC9zdmciPjwvc3ZnPg==\" style=\"--smush-placeholder-width: 352px; --smush-placeholder-aspect-ratio: 352\/264;\" \/><\/a><\/p>\n<p><span style=\"font-family: arial, helvetica, sans-serif; font-size: 14pt;\">Una manera genial d&#8217;iniciar les esperades i m\u00e0giques festes de Nadal!!! <\/span><\/p>\n<p><span style=\"font-family: arial, helvetica, sans-serif; font-size: 14pt;\">Us desitgem\u00a0 Bones Festes\u00a0 i\u00a0 Feli\u00e7 Any Nou!!!!!<\/span><\/p>\n","protected":false},"excerpt":{"rendered":"<p>El passat 19 de desembre els alumnes de prim\u00e0ria van omplir el pati de l&#8217;escola d&#8217;ambient nadalenc amb \u00bb Un toc de pastorets\u00bb, una bonica i original adaptaci\u00f3 dels pastorets. Molt b\u00e9 per als joves artistes!!! I el dia 20 els nens i les nenes\u00a0 d&#8217;Infantil van fer el seu debut en el concert de [&hellip;]<\/p>\n","protected":false},"author":2,"featured_media":0,"comment_status":"closed","ping_status":"closed","sticky":false,"template":"","format":"standard","meta":{"inline_featured_image":false,"_joinchat":[],"footnotes":""},"categories":[5],"tags":[],"class_list":["post-3354","post","type-post","status-publish","format-standard","hentry","category-noticies"],"yoast_head":"<!-- This site is optimized with the Yoast SEO plugin v27.5 - https:\/\/yoast.com\/product\/yoast-seo-wordpress\/ -->\n<title>Concerts de Nadal - Col\u00b7legi Claret<\/title>\n<meta name=\"robots\" content=\"index, follow, max-snippet:-1, max-image-preview:large, max-video-preview:-1\" \/>\n<link rel=\"canonical\" href=\"https:\/\/claretsabadell.cat\/es\/concerts-de-nadal-2\/\" \/>\n<meta property=\"og:locale\" content=\"es_ES\" \/>\n<meta property=\"og:type\" content=\"article\" \/>\n<meta property=\"og:title\" content=\"Concerts de Nadal - Col\u00b7legi Claret\" \/>\n<meta property=\"og:description\" content=\"El passat 19 de desembre els alumnes de prim\u00e0ria van omplir el pati de l&#8217;escola d&#8217;ambient nadalenc amb \u00bb Un toc de pastorets\u00bb, una bonica i original adaptaci\u00f3 dels pastorets. Molt b\u00e9 per als joves artistes!!! I el dia 20 els nens i les nenes\u00a0 d&#8217;Infantil van fer el seu debut en el concert de [&hellip;]\" \/>\n<meta property=\"og:url\" content=\"https:\/\/claretsabadell.cat\/es\/concerts-de-nadal-2\/\" \/>\n<meta property=\"og:site_name\" content=\"Col\u00b7legi Claret\" \/>\n<meta property=\"article:publisher\" content=\"https:\/\/www.facebook.com\/ClaretSabadell\/\" \/>\n<meta property=\"article:published_time\" content=\"2018-12-25T08:51:21+00:00\" \/>\n<meta property=\"og:image\" content=\"https:\/\/claretsabadell.cat\/wp-content\/uploads\/2018\/12\/IMG-20181220-WA0038-300x225.jpg\" \/>\n<meta name=\"author\" content=\"caparicio\" \/>\n<meta name=\"twitter:label1\" content=\"Escrito por\" \/>\n\t<meta name=\"twitter:data1\" content=\"caparicio\" \/>\n<script type=\"application\/ld+json\" class=\"yoast-schema-graph\">{\"@context\":\"https:\\\/\\\/schema.org\",\"@graph\":[{\"@type\":\"Article\",\"@id\":\"https:\\\/\\\/claretsabadell.cat\\\/es\\\/concerts-de-nadal-2\\\/#article\",\"isPartOf\":{\"@id\":\"https:\\\/\\\/claretsabadell.cat\\\/es\\\/concerts-de-nadal-2\\\/\"},\"author\":{\"name\":\"caparicio\",\"@id\":\"https:\\\/\\\/claretsabadell.cat\\\/es\\\/#\\\/schema\\\/person\\\/f315154d39905b3522ddecf099fccf5d\"},\"headline\":\"Concerts de Nadal\",\"datePublished\":\"2018-12-25T08:51:21+00:00\",\"mainEntityOfPage\":{\"@id\":\"https:\\\/\\\/claretsabadell.cat\\\/es\\\/concerts-de-nadal-2\\\/\"},\"wordCount\":93,\"publisher\":{\"@id\":\"https:\\\/\\\/claretsabadell.cat\\\/es\\\/#organization\"},\"image\":{\"@id\":\"https:\\\/\\\/claretsabadell.cat\\\/es\\\/concerts-de-nadal-2\\\/#primaryimage\"},\"thumbnailUrl\":\"https:\\\/\\\/claretsabadell.cat\\\/wp-content\\\/uploads\\\/2018\\\/12\\\/IMG-20181220-WA0038-300x225.jpg\",\"articleSection\":[\"Not\u00edcies\"],\"inLanguage\":\"es\"},{\"@type\":\"WebPage\",\"@id\":\"https:\\\/\\\/claretsabadell.cat\\\/es\\\/concerts-de-nadal-2\\\/\",\"url\":\"https:\\\/\\\/claretsabadell.cat\\\/es\\\/concerts-de-nadal-2\\\/\",\"name\":\"Concerts de Nadal - Col\u00b7legi Claret\",\"isPartOf\":{\"@id\":\"https:\\\/\\\/claretsabadell.cat\\\/es\\\/#website\"},\"primaryImageOfPage\":{\"@id\":\"https:\\\/\\\/claretsabadell.cat\\\/es\\\/concerts-de-nadal-2\\\/#primaryimage\"},\"image\":{\"@id\":\"https:\\\/\\\/claretsabadell.cat\\\/es\\\/concerts-de-nadal-2\\\/#primaryimage\"},\"thumbnailUrl\":\"https:\\\/\\\/claretsabadell.cat\\\/wp-content\\\/uploads\\\/2018\\\/12\\\/IMG-20181220-WA0038-300x225.jpg\",\"datePublished\":\"2018-12-25T08:51:21+00:00\",\"breadcrumb\":{\"@id\":\"https:\\\/\\\/claretsabadell.cat\\\/es\\\/concerts-de-nadal-2\\\/#breadcrumb\"},\"inLanguage\":\"es\",\"potentialAction\":[{\"@type\":\"ReadAction\",\"target\":[\"https:\\\/\\\/claretsabadell.cat\\\/es\\\/concerts-de-nadal-2\\\/\"]}]},{\"@type\":\"ImageObject\",\"inLanguage\":\"es\",\"@id\":\"https:\\\/\\\/claretsabadell.cat\\\/es\\\/concerts-de-nadal-2\\\/#primaryimage\",\"url\":\"https:\\\/\\\/claretsabadell.cat\\\/wp-content\\\/uploads\\\/2018\\\/12\\\/IMG-20181220-WA0038-300x225.jpg\",\"contentUrl\":\"https:\\\/\\\/claretsabadell.cat\\\/wp-content\\\/uploads\\\/2018\\\/12\\\/IMG-20181220-WA0038-300x225.jpg\"},{\"@type\":\"BreadcrumbList\",\"@id\":\"https:\\\/\\\/claretsabadell.cat\\\/es\\\/concerts-de-nadal-2\\\/#breadcrumb\",\"itemListElement\":[{\"@type\":\"ListItem\",\"position\":1,\"name\":\"Inici\",\"item\":\"https:\\\/\\\/claretsabadell.cat\\\/es\\\/\"},{\"@type\":\"ListItem\",\"position\":2,\"name\":\"Concerts de Nadal\"}]},{\"@type\":\"WebSite\",\"@id\":\"https:\\\/\\\/claretsabadell.cat\\\/es\\\/#website\",\"url\":\"https:\\\/\\\/claretsabadell.cat\\\/es\\\/\",\"name\":\"Col\u00b7legi Claret\",\"description\":\"Educaci\u00f3 infantil, educaci\u00f3 prim\u00e0ria, ESO a Sabadell\",\"publisher\":{\"@id\":\"https:\\\/\\\/claretsabadell.cat\\\/es\\\/#organization\"},\"potentialAction\":[{\"@type\":\"SearchAction\",\"target\":{\"@type\":\"EntryPoint\",\"urlTemplate\":\"https:\\\/\\\/claretsabadell.cat\\\/es\\\/?s={search_term_string}\"},\"query-input\":{\"@type\":\"PropertyValueSpecification\",\"valueRequired\":true,\"valueName\":\"search_term_string\"}}],\"inLanguage\":\"es\"},{\"@type\":\"Organization\",\"@id\":\"https:\\\/\\\/claretsabadell.cat\\\/es\\\/#organization\",\"name\":\"Col\u00b7legi Claret Sabadell\",\"url\":\"https:\\\/\\\/claretsabadell.cat\\\/es\\\/\",\"logo\":{\"@type\":\"ImageObject\",\"inLanguage\":\"es\",\"@id\":\"https:\\\/\\\/claretsabadell.cat\\\/es\\\/#\\\/schema\\\/logo\\\/image\\\/\",\"url\":\"https:\\\/\\\/claretsabadell.cat\\\/wp-content\\\/uploads\\\/2020\\\/05\\\/claretsabadell.png\",\"contentUrl\":\"https:\\\/\\\/claretsabadell.cat\\\/wp-content\\\/uploads\\\/2020\\\/05\\\/claretsabadell.png\",\"width\":296,\"height\":100,\"caption\":\"Col\u00b7legi Claret Sabadell\"},\"image\":{\"@id\":\"https:\\\/\\\/claretsabadell.cat\\\/es\\\/#\\\/schema\\\/logo\\\/image\\\/\"},\"sameAs\":[\"https:\\\/\\\/www.facebook.com\\\/ClaretSabadell\\\/\",\"https:\\\/\\\/www.instagram.com\\\/claretsabadell\\\/\"]},{\"@type\":\"Person\",\"@id\":\"https:\\\/\\\/claretsabadell.cat\\\/es\\\/#\\\/schema\\\/person\\\/f315154d39905b3522ddecf099fccf5d\",\"name\":\"caparicio\",\"image\":{\"@type\":\"ImageObject\",\"inLanguage\":\"es\",\"@id\":\"https:\\\/\\\/secure.gravatar.com\\\/avatar\\\/1a5a59b76215d6ec635473a4038e7764468a9056019dade3a5147f4a52850459?s=96&d=mm&r=g\",\"url\":\"https:\\\/\\\/secure.gravatar.com\\\/avatar\\\/1a5a59b76215d6ec635473a4038e7764468a9056019dade3a5147f4a52850459?s=96&d=mm&r=g\",\"contentUrl\":\"https:\\\/\\\/secure.gravatar.com\\\/avatar\\\/1a5a59b76215d6ec635473a4038e7764468a9056019dade3a5147f4a52850459?s=96&d=mm&r=g\",\"caption\":\"caparicio\"}}]}<\/script>\n<!-- \/ Yoast SEO plugin. -->","yoast_head_json":{"title":"Concerts de Nadal - Col\u00b7legi Claret","robots":{"index":"index","follow":"follow","max-snippet":"max-snippet:-1","max-image-preview":"max-image-preview:large","max-video-preview":"max-video-preview:-1"},"canonical":"https:\/\/claretsabadell.cat\/es\/concerts-de-nadal-2\/","og_locale":"es_ES","og_type":"article","og_title":"Concerts de Nadal - Col\u00b7legi Claret","og_description":"El passat 19 de desembre els alumnes de prim\u00e0ria van omplir el pati de l&#8217;escola d&#8217;ambient nadalenc amb \u00bb Un toc de pastorets\u00bb, una bonica i original adaptaci\u00f3 dels pastorets. Molt b\u00e9 per als joves artistes!!! I el dia 20 els nens i les nenes\u00a0 d&#8217;Infantil van fer el seu debut en el concert de [&hellip;]","og_url":"https:\/\/claretsabadell.cat\/es\/concerts-de-nadal-2\/","og_site_name":"Col\u00b7legi Claret","article_publisher":"https:\/\/www.facebook.com\/ClaretSabadell\/","article_published_time":"2018-12-25T08:51:21+00:00","og_image":[{"url":"https:\/\/claretsabadell.cat\/wp-content\/uploads\/2018\/12\/IMG-20181220-WA0038-300x225.jpg","type":"","width":"","height":""}],"author":"caparicio","twitter_misc":{"Escrito por":"caparicio"},"schema":{"@context":"https:\/\/schema.org","@graph":[{"@type":"Article","@id":"https:\/\/claretsabadell.cat\/es\/concerts-de-nadal-2\/#article","isPartOf":{"@id":"https:\/\/claretsabadell.cat\/es\/concerts-de-nadal-2\/"},"author":{"name":"caparicio","@id":"https:\/\/claretsabadell.cat\/es\/#\/schema\/person\/f315154d39905b3522ddecf099fccf5d"},"headline":"Concerts de Nadal","datePublished":"2018-12-25T08:51:21+00:00","mainEntityOfPage":{"@id":"https:\/\/claretsabadell.cat\/es\/concerts-de-nadal-2\/"},"wordCount":93,"publisher":{"@id":"https:\/\/claretsabadell.cat\/es\/#organization"},"image":{"@id":"https:\/\/claretsabadell.cat\/es\/concerts-de-nadal-2\/#primaryimage"},"thumbnailUrl":"https:\/\/claretsabadell.cat\/wp-content\/uploads\/2018\/12\/IMG-20181220-WA0038-300x225.jpg","articleSection":["Not\u00edcies"],"inLanguage":"es"},{"@type":"WebPage","@id":"https:\/\/claretsabadell.cat\/es\/concerts-de-nadal-2\/","url":"https:\/\/claretsabadell.cat\/es\/concerts-de-nadal-2\/","name":"Concerts de Nadal - Col\u00b7legi Claret","isPartOf":{"@id":"https:\/\/claretsabadell.cat\/es\/#website"},"primaryImageOfPage":{"@id":"https:\/\/claretsabadell.cat\/es\/concerts-de-nadal-2\/#primaryimage"},"image":{"@id":"https:\/\/claretsabadell.cat\/es\/concerts-de-nadal-2\/#primaryimage"},"thumbnailUrl":"https:\/\/claretsabadell.cat\/wp-content\/uploads\/2018\/12\/IMG-20181220-WA0038-300x225.jpg","datePublished":"2018-12-25T08:51:21+00:00","breadcrumb":{"@id":"https:\/\/claretsabadell.cat\/es\/concerts-de-nadal-2\/#breadcrumb"},"inLanguage":"es","potentialAction":[{"@type":"ReadAction","target":["https:\/\/claretsabadell.cat\/es\/concerts-de-nadal-2\/"]}]},{"@type":"ImageObject","inLanguage":"es","@id":"https:\/\/claretsabadell.cat\/es\/concerts-de-nadal-2\/#primaryimage","url":"https:\/\/claretsabadell.cat\/wp-content\/uploads\/2018\/12\/IMG-20181220-WA0038-300x225.jpg","contentUrl":"https:\/\/claretsabadell.cat\/wp-content\/uploads\/2018\/12\/IMG-20181220-WA0038-300x225.jpg"},{"@type":"BreadcrumbList","@id":"https:\/\/claretsabadell.cat\/es\/concerts-de-nadal-2\/#breadcrumb","itemListElement":[{"@type":"ListItem","position":1,"name":"Inici","item":"https:\/\/claretsabadell.cat\/es\/"},{"@type":"ListItem","position":2,"name":"Concerts de Nadal"}]},{"@type":"WebSite","@id":"https:\/\/claretsabadell.cat\/es\/#website","url":"https:\/\/claretsabadell.cat\/es\/","name":"Col\u00b7legi Claret","description":"Educaci\u00f3 infantil, educaci\u00f3 prim\u00e0ria, ESO a Sabadell","publisher":{"@id":"https:\/\/claretsabadell.cat\/es\/#organization"},"potentialAction":[{"@type":"SearchAction","target":{"@type":"EntryPoint","urlTemplate":"https:\/\/claretsabadell.cat\/es\/?s={search_term_string}"},"query-input":{"@type":"PropertyValueSpecification","valueRequired":true,"valueName":"search_term_string"}}],"inLanguage":"es"},{"@type":"Organization","@id":"https:\/\/claretsabadell.cat\/es\/#organization","name":"Col\u00b7legi Claret Sabadell","url":"https:\/\/claretsabadell.cat\/es\/","logo":{"@type":"ImageObject","inLanguage":"es","@id":"https:\/\/claretsabadell.cat\/es\/#\/schema\/logo\/image\/","url":"https:\/\/claretsabadell.cat\/wp-content\/uploads\/2020\/05\/claretsabadell.png","contentUrl":"https:\/\/claretsabadell.cat\/wp-content\/uploads\/2020\/05\/claretsabadell.png","width":296,"height":100,"caption":"Col\u00b7legi Claret Sabadell"},"image":{"@id":"https:\/\/claretsabadell.cat\/es\/#\/schema\/logo\/image\/"},"sameAs":["https:\/\/www.facebook.com\/ClaretSabadell\/","https:\/\/www.instagram.com\/claretsabadell\/"]},{"@type":"Person","@id":"https:\/\/claretsabadell.cat\/es\/#\/schema\/person\/f315154d39905b3522ddecf099fccf5d","name":"caparicio","image":{"@type":"ImageObject","inLanguage":"es","@id":"https:\/\/secure.gravatar.com\/avatar\/1a5a59b76215d6ec635473a4038e7764468a9056019dade3a5147f4a52850459?s=96&d=mm&r=g","url":"https:\/\/secure.gravatar.com\/avatar\/1a5a59b76215d6ec635473a4038e7764468a9056019dade3a5147f4a52850459?s=96&d=mm&r=g","contentUrl":"https:\/\/secure.gravatar.com\/avatar\/1a5a59b76215d6ec635473a4038e7764468a9056019dade3a5147f4a52850459?s=96&d=mm&r=g","caption":"caparicio"}}]}},"_links":{"self":[{"href":"https:\/\/claretsabadell.cat\/es\/wp-json\/wp\/v2\/posts\/3354","targetHints":{"allow":["GET"]}}],"collection":[{"href":"https:\/\/claretsabadell.cat\/es\/wp-json\/wp\/v2\/posts"}],"about":[{"href":"https:\/\/claretsabadell.cat\/es\/wp-json\/wp\/v2\/types\/post"}],"author":[{"embeddable":true,"href":"https:\/\/claretsabadell.cat\/es\/wp-json\/wp\/v2\/users\/2"}],"replies":[{"embeddable":true,"href":"https:\/\/claretsabadell.cat\/es\/wp-json\/wp\/v2\/comments?post=3354"}],"version-history":[{"count":0,"href":"https:\/\/claretsabadell.cat\/es\/wp-json\/wp\/v2\/posts\/3354\/revisions"}],"wp:attachment":[{"href":"https:\/\/claretsabadell.cat\/es\/wp-json\/wp\/v2\/media?parent=3354"}],"wp:term":[{"taxonomy":"category","embeddable":true,"href":"https:\/\/claretsabadell.cat\/es\/wp-json\/wp\/v2\/categories?post=3354"},{"taxonomy":"post_tag","embeddable":true,"href":"https:\/\/claretsabadell.cat\/es\/wp-json\/wp\/v2\/tags?post=3354"}],"curies":[{"name":"wp","href":"https:\/\/api.w.org\/{rel}","templated":true}]}}