{"id":4888,"date":"2020-03-22T08:43:12","date_gmt":"2020-03-22T07:43:12","guid":{"rendered":"https:\/\/claretsabadell.cat\/?p=4888"},"modified":"2020-09-13T13:23:26","modified_gmt":"2020-09-13T11:23:26","slug":"quedem-nos-a-casa","status":"publish","type":"post","link":"https:\/\/claretsabadell.cat\/es\/quedem-nos-a-casa\/","title":{"rendered":"Quedem-nos a casa!!!"},"content":{"rendered":"\n<h2>La nostra escola s&#8217;adhereix a la iniciativa d&#8217;altres col.lectius educatius. Amb aquest v\u00eddeo us enviem un xic d&#8217;humor i d&#8217;esperan\u00e7a. \u00c0nims, ens en sortirem!!!&nbsp;&nbsp;<\/h2>\n\n\n\n<p>Clicar <a href=\"https:\/\/www.instagram.com\/tv\/B9967TIIhfv\/?utm_source=ig_web_copy_link\" target=\"_blank\" rel=\"noreferrer noopener\">aqu\u00ed<\/a><\/p>\n","protected":false},"excerpt":{"rendered":"<p>Clicar aqu\u00ed<\/p>\n","protected":false},"author":2,"featured_media":0,"comment_status":"closed","ping_status":"closed","sticky":false,"template":"","format":"standard","meta":{"inline_featured_image":false,"_joinchat":[],"footnotes":""},"categories":[5],"tags":[],"class_list":["post-4888","post","type-post","status-publish","format-standard","hentry","category-noticies"],"yoast_head":"<!-- This site is optimized with the Yoast SEO plugin v27.5 - https:\/\/yoast.com\/product\/yoast-seo-wordpress\/ -->\n<title>Quedem-nos a casa!!! - Col\u00b7legi Claret<\/title>\n<meta name=\"robots\" content=\"index, follow, max-snippet:-1, max-image-preview:large, max-video-preview:-1\" \/>\n<link rel=\"canonical\" href=\"https:\/\/claretsabadell.cat\/es\/quedem-nos-a-casa\/\" \/>\n<meta property=\"og:locale\" content=\"es_ES\" \/>\n<meta property=\"og:type\" content=\"article\" \/>\n<meta property=\"og:title\" content=\"Quedem-nos a casa!!! - Col\u00b7legi Claret\" \/>\n<meta property=\"og:description\" content=\"Clicar aqu\u00ed\" \/>\n<meta property=\"og:url\" content=\"https:\/\/claretsabadell.cat\/es\/quedem-nos-a-casa\/\" \/>\n<meta property=\"og:site_name\" content=\"Col\u00b7legi Claret\" \/>\n<meta property=\"article:publisher\" content=\"https:\/\/www.facebook.com\/ClaretSabadell\/\" \/>\n<meta property=\"article:published_time\" content=\"2020-03-22T07:43:12+00:00\" \/>\n<meta property=\"article:modified_time\" content=\"2020-09-13T11:23:26+00:00\" \/>\n<meta name=\"author\" content=\"caparicio\" \/>\n<meta name=\"twitter:label1\" content=\"Escrito por\" \/>\n\t<meta name=\"twitter:data1\" content=\"caparicio\" \/>\n<script type=\"application\/ld+json\" class=\"yoast-schema-graph\">{\"@context\":\"https:\\\/\\\/schema.org\",\"@graph\":[{\"@type\":\"Article\",\"@id\":\"https:\\\/\\\/claretsabadell.cat\\\/es\\\/quedem-nos-a-casa\\\/#article\",\"isPartOf\":{\"@id\":\"https:\\\/\\\/claretsabadell.cat\\\/es\\\/quedem-nos-a-casa\\\/\"},\"author\":{\"name\":\"caparicio\",\"@id\":\"https:\\\/\\\/claretsabadell.cat\\\/es\\\/#\\\/schema\\\/person\\\/f315154d39905b3522ddecf099fccf5d\"},\"headline\":\"Quedem-nos a casa!!!\",\"datePublished\":\"2020-03-22T07:43:12+00:00\",\"dateModified\":\"2020-09-13T11:23:26+00:00\",\"mainEntityOfPage\":{\"@id\":\"https:\\\/\\\/claretsabadell.cat\\\/es\\\/quedem-nos-a-casa\\\/\"},\"wordCount\":38,\"publisher\":{\"@id\":\"https:\\\/\\\/claretsabadell.cat\\\/es\\\/#organization\"},\"articleSection\":[\"Not\u00edcies\"],\"inLanguage\":\"es\"},{\"@type\":\"WebPage\",\"@id\":\"https:\\\/\\\/claretsabadell.cat\\\/es\\\/quedem-nos-a-casa\\\/\",\"url\":\"https:\\\/\\\/claretsabadell.cat\\\/es\\\/quedem-nos-a-casa\\\/\",\"name\":\"Quedem-nos a casa!!! - Col\u00b7legi Claret\",\"isPartOf\":{\"@id\":\"https:\\\/\\\/claretsabadell.cat\\\/es\\\/#website\"},\"datePublished\":\"2020-03-22T07:43:12+00:00\",\"dateModified\":\"2020-09-13T11:23:26+00:00\",\"breadcrumb\":{\"@id\":\"https:\\\/\\\/claretsabadell.cat\\\/es\\\/quedem-nos-a-casa\\\/#breadcrumb\"},\"inLanguage\":\"es\",\"potentialAction\":[{\"@type\":\"ReadAction\",\"target\":[\"https:\\\/\\\/claretsabadell.cat\\\/es\\\/quedem-nos-a-casa\\\/\"]}]},{\"@type\":\"BreadcrumbList\",\"@id\":\"https:\\\/\\\/claretsabadell.cat\\\/es\\\/quedem-nos-a-casa\\\/#breadcrumb\",\"itemListElement\":[{\"@type\":\"ListItem\",\"position\":1,\"name\":\"Inici\",\"item\":\"https:\\\/\\\/claretsabadell.cat\\\/es\\\/\"},{\"@type\":\"ListItem\",\"position\":2,\"name\":\"Quedem-nos a casa!!!\"}]},{\"@type\":\"WebSite\",\"@id\":\"https:\\\/\\\/claretsabadell.cat\\\/es\\\/#website\",\"url\":\"https:\\\/\\\/claretsabadell.cat\\\/es\\\/\",\"name\":\"Col\u00b7legi Claret\",\"description\":\"Educaci\u00f3 infantil, educaci\u00f3 prim\u00e0ria, ESO a Sabadell\",\"publisher\":{\"@id\":\"https:\\\/\\\/claretsabadell.cat\\\/es\\\/#organization\"},\"potentialAction\":[{\"@type\":\"SearchAction\",\"target\":{\"@type\":\"EntryPoint\",\"urlTemplate\":\"https:\\\/\\\/claretsabadell.cat\\\/es\\\/?s={search_term_string}\"},\"query-input\":{\"@type\":\"PropertyValueSpecification\",\"valueRequired\":true,\"valueName\":\"search_term_string\"}}],\"inLanguage\":\"es\"},{\"@type\":\"Organization\",\"@id\":\"https:\\\/\\\/claretsabadell.cat\\\/es\\\/#organization\",\"name\":\"Col\u00b7legi Claret Sabadell\",\"url\":\"https:\\\/\\\/claretsabadell.cat\\\/es\\\/\",\"logo\":{\"@type\":\"ImageObject\",\"inLanguage\":\"es\",\"@id\":\"https:\\\/\\\/claretsabadell.cat\\\/es\\\/#\\\/schema\\\/logo\\\/image\\\/\",\"url\":\"https:\\\/\\\/claretsabadell.cat\\\/wp-content\\\/uploads\\\/2020\\\/05\\\/claretsabadell.png\",\"contentUrl\":\"https:\\\/\\\/claretsabadell.cat\\\/wp-content\\\/uploads\\\/2020\\\/05\\\/claretsabadell.png\",\"width\":296,\"height\":100,\"caption\":\"Col\u00b7legi Claret Sabadell\"},\"image\":{\"@id\":\"https:\\\/\\\/claretsabadell.cat\\\/es\\\/#\\\/schema\\\/logo\\\/image\\\/\"},\"sameAs\":[\"https:\\\/\\\/www.facebook.com\\\/ClaretSabadell\\\/\",\"https:\\\/\\\/www.instagram.com\\\/claretsabadell\\\/\"]},{\"@type\":\"Person\",\"@id\":\"https:\\\/\\\/claretsabadell.cat\\\/es\\\/#\\\/schema\\\/person\\\/f315154d39905b3522ddecf099fccf5d\",\"name\":\"caparicio\",\"image\":{\"@type\":\"ImageObject\",\"inLanguage\":\"es\",\"@id\":\"https:\\\/\\\/secure.gravatar.com\\\/avatar\\\/1a5a59b76215d6ec635473a4038e7764468a9056019dade3a5147f4a52850459?s=96&d=mm&r=g\",\"url\":\"https:\\\/\\\/secure.gravatar.com\\\/avatar\\\/1a5a59b76215d6ec635473a4038e7764468a9056019dade3a5147f4a52850459?s=96&d=mm&r=g\",\"contentUrl\":\"https:\\\/\\\/secure.gravatar.com\\\/avatar\\\/1a5a59b76215d6ec635473a4038e7764468a9056019dade3a5147f4a52850459?s=96&d=mm&r=g\",\"caption\":\"caparicio\"}}]}<\/script>\n<!-- \/ Yoast SEO plugin. -->","yoast_head_json":{"title":"Quedem-nos a casa!!! - Col\u00b7legi Claret","robots":{"index":"index","follow":"follow","max-snippet":"max-snippet:-1","max-image-preview":"max-image-preview:large","max-video-preview":"max-video-preview:-1"},"canonical":"https:\/\/claretsabadell.cat\/es\/quedem-nos-a-casa\/","og_locale":"es_ES","og_type":"article","og_title":"Quedem-nos a casa!!! - Col\u00b7legi Claret","og_description":"Clicar aqu\u00ed","og_url":"https:\/\/claretsabadell.cat\/es\/quedem-nos-a-casa\/","og_site_name":"Col\u00b7legi Claret","article_publisher":"https:\/\/www.facebook.com\/ClaretSabadell\/","article_published_time":"2020-03-22T07:43:12+00:00","article_modified_time":"2020-09-13T11:23:26+00:00","author":"caparicio","twitter_misc":{"Escrito por":"caparicio"},"schema":{"@context":"https:\/\/schema.org","@graph":[{"@type":"Article","@id":"https:\/\/claretsabadell.cat\/es\/quedem-nos-a-casa\/#article","isPartOf":{"@id":"https:\/\/claretsabadell.cat\/es\/quedem-nos-a-casa\/"},"author":{"name":"caparicio","@id":"https:\/\/claretsabadell.cat\/es\/#\/schema\/person\/f315154d39905b3522ddecf099fccf5d"},"headline":"Quedem-nos a casa!!!","datePublished":"2020-03-22T07:43:12+00:00","dateModified":"2020-09-13T11:23:26+00:00","mainEntityOfPage":{"@id":"https:\/\/claretsabadell.cat\/es\/quedem-nos-a-casa\/"},"wordCount":38,"publisher":{"@id":"https:\/\/claretsabadell.cat\/es\/#organization"},"articleSection":["Not\u00edcies"],"inLanguage":"es"},{"@type":"WebPage","@id":"https:\/\/claretsabadell.cat\/es\/quedem-nos-a-casa\/","url":"https:\/\/claretsabadell.cat\/es\/quedem-nos-a-casa\/","name":"Quedem-nos a casa!!! - Col\u00b7legi Claret","isPartOf":{"@id":"https:\/\/claretsabadell.cat\/es\/#website"},"datePublished":"2020-03-22T07:43:12+00:00","dateModified":"2020-09-13T11:23:26+00:00","breadcrumb":{"@id":"https:\/\/claretsabadell.cat\/es\/quedem-nos-a-casa\/#breadcrumb"},"inLanguage":"es","potentialAction":[{"@type":"ReadAction","target":["https:\/\/claretsabadell.cat\/es\/quedem-nos-a-casa\/"]}]},{"@type":"BreadcrumbList","@id":"https:\/\/claretsabadell.cat\/es\/quedem-nos-a-casa\/#breadcrumb","itemListElement":[{"@type":"ListItem","position":1,"name":"Inici","item":"https:\/\/claretsabadell.cat\/es\/"},{"@type":"ListItem","position":2,"name":"Quedem-nos a casa!!!"}]},{"@type":"WebSite","@id":"https:\/\/claretsabadell.cat\/es\/#website","url":"https:\/\/claretsabadell.cat\/es\/","name":"Col\u00b7legi Claret","description":"Educaci\u00f3 infantil, educaci\u00f3 prim\u00e0ria, ESO a Sabadell","publisher":{"@id":"https:\/\/claretsabadell.cat\/es\/#organization"},"potentialAction":[{"@type":"SearchAction","target":{"@type":"EntryPoint","urlTemplate":"https:\/\/claretsabadell.cat\/es\/?s={search_term_string}"},"query-input":{"@type":"PropertyValueSpecification","valueRequired":true,"valueName":"search_term_string"}}],"inLanguage":"es"},{"@type":"Organization","@id":"https:\/\/claretsabadell.cat\/es\/#organization","name":"Col\u00b7legi Claret Sabadell","url":"https:\/\/claretsabadell.cat\/es\/","logo":{"@type":"ImageObject","inLanguage":"es","@id":"https:\/\/claretsabadell.cat\/es\/#\/schema\/logo\/image\/","url":"https:\/\/claretsabadell.cat\/wp-content\/uploads\/2020\/05\/claretsabadell.png","contentUrl":"https:\/\/claretsabadell.cat\/wp-content\/uploads\/2020\/05\/claretsabadell.png","width":296,"height":100,"caption":"Col\u00b7legi Claret Sabadell"},"image":{"@id":"https:\/\/claretsabadell.cat\/es\/#\/schema\/logo\/image\/"},"sameAs":["https:\/\/www.facebook.com\/ClaretSabadell\/","https:\/\/www.instagram.com\/claretsabadell\/"]},{"@type":"Person","@id":"https:\/\/claretsabadell.cat\/es\/#\/schema\/person\/f315154d39905b3522ddecf099fccf5d","name":"caparicio","image":{"@type":"ImageObject","inLanguage":"es","@id":"https:\/\/secure.gravatar.com\/avatar\/1a5a59b76215d6ec635473a4038e7764468a9056019dade3a5147f4a52850459?s=96&d=mm&r=g","url":"https:\/\/secure.gravatar.com\/avatar\/1a5a59b76215d6ec635473a4038e7764468a9056019dade3a5147f4a52850459?s=96&d=mm&r=g","contentUrl":"https:\/\/secure.gravatar.com\/avatar\/1a5a59b76215d6ec635473a4038e7764468a9056019dade3a5147f4a52850459?s=96&d=mm&r=g","caption":"caparicio"}}]}},"_links":{"self":[{"href":"https:\/\/claretsabadell.cat\/es\/wp-json\/wp\/v2\/posts\/4888","targetHints":{"allow":["GET"]}}],"collection":[{"href":"https:\/\/claretsabadell.cat\/es\/wp-json\/wp\/v2\/posts"}],"about":[{"href":"https:\/\/claretsabadell.cat\/es\/wp-json\/wp\/v2\/types\/post"}],"author":[{"embeddable":true,"href":"https:\/\/claretsabadell.cat\/es\/wp-json\/wp\/v2\/users\/2"}],"replies":[{"embeddable":true,"href":"https:\/\/claretsabadell.cat\/es\/wp-json\/wp\/v2\/comments?post=4888"}],"version-history":[{"count":2,"href":"https:\/\/claretsabadell.cat\/es\/wp-json\/wp\/v2\/posts\/4888\/revisions"}],"predecessor-version":[{"id":5867,"href":"https:\/\/claretsabadell.cat\/es\/wp-json\/wp\/v2\/posts\/4888\/revisions\/5867"}],"wp:attachment":[{"href":"https:\/\/claretsabadell.cat\/es\/wp-json\/wp\/v2\/media?parent=4888"}],"wp:term":[{"taxonomy":"category","embeddable":true,"href":"https:\/\/claretsabadell.cat\/es\/wp-json\/wp\/v2\/categories?post=4888"},{"taxonomy":"post_tag","embeddable":true,"href":"https:\/\/claretsabadell.cat\/es\/wp-json\/wp\/v2\/tags?post=4888"}],"curies":[{"name":"wp","href":"https:\/\/api.w.org\/{rel}","templated":true}]}}