{"id":4920,"date":"2020-05-08T09:33:36","date_gmt":"2020-05-08T07:33:36","guid":{"rendered":"https:\/\/claretsabadell.cat\/?p=4920"},"modified":"2020-09-13T12:53:31","modified_gmt":"2020-09-13T10:53:31","slug":"preinscripcions-curs-2020-21-2","status":"publish","type":"post","link":"https:\/\/claretsabadell.cat\/es\/preinscripcions-curs-2020-21-2\/","title":{"rendered":"Preinscripcions curs 2020-21"},"content":{"rendered":"\n<div class=\"wp-block-group\"><div class=\"wp-block-group__inner-container is-layout-flow wp-block-group-is-layout-flow\">\n<div class=\"wp-block-group\"><div class=\"wp-block-group__inner-container is-layout-flow wp-block-group-is-layout-flow\">\n<p><b>Obert per\u00edode de preinscripcions<\/b> del 13 al 22 DE MAIG per a segon cicle d&#8217;Educaci\u00f3 Infantil, Prim\u00e0ria i Secund\u00e0ria.<\/p>\n\n\n\n<div>MODALITATS:&nbsp;<\/div>\n\n\n\n<div>&nbsp;<\/div>\n\n\n\n<div>TELEM\u00c0TICAMENT&nbsp; (el nostre CODI de centre \u00e9s el 08024595)&nbsp;<\/div>\n\n\n\n<div>&nbsp;<\/div>\n\n\n\n<div>PRESENCIAL- AMB CITA PR\u00c8VIA:&nbsp; &nbsp;us podeu posar en contacte a:&nbsp; <a href=\"mailto:claret@claretsabadell.cat\">a8024595@xtec.cat<\/a>&nbsp;o <a href=\"mailto:claret@claretsabadell.cat\">claret@claretsabadell.cat <\/a>\n<div>&nbsp;<\/div>\n<div>Per a la documentaci\u00f3 necess\u00e0ria consulteu a:&nbsp;<a href=\"http:\/\/queestudiar.gencat.cat\/ca\/preinscripcio\/estudis\/obligatoris\/documentacio\" target=\"_blank\" rel=\"noopener noreferrer\" data-saferedirecturl=\"https:\/\/www.google.com\/url?q=http:\/\/queestudiar.gencat.cat\/ca\/preinscripcio\/estudis\/obligatoris\/documentacio&amp;source=gmail&amp;ust=1589298404871000&amp;usg=AFQjCNGgN88IcFl0zB1IGHlk2gKtMtuiqA\">http:\/\/queestudiar.gencat.cat\/<wbr>ca\/preinscripcio\/estudis\/<wbr>obligatoris\/documentacio<\/a><\/div>\n<div>&nbsp;<\/div>\n<div>Per consultar les places disponibles de l&#8217;escola cliqueu a:<\/div><\/div>\n\n\n\n<p><strong><a href=\"https:\/\/claretsabadell.cat\/wp-content\/uploads\/2020\/09\/INFORME_OFERTA_OME_INFORME_OFERTA.pdf\" target=\"_blank\" rel=\"noreferrer noopener\">Oferta de places<\/a><\/strong><\/p>\n<\/div><\/div>\n\n\n\n<p><\/p>\n<\/div><\/div>\n\n\n\n<div class=\"wp-block-file\"><a href=\"https:\/\/claretsabadell.cat\/wp-content\/uploads\/2020\/05\/INFORME_OFERTA_OME_INFORME_OFERTA-1.pdf\" target=\"_blank\" rel=\"noreferrer noopener\"> <strong> <\/strong> <\/a><\/div>\n\n\n\n<div class=\"wp-block-file\"><\/div>\n","protected":false},"excerpt":{"rendered":"<p>Obert per\u00edode de preinscripcions del 13 al 22 DE MAIG per a segon cicle d&#8217;Educaci\u00f3 Infantil, Prim\u00e0ria i Secund\u00e0ria. MODALITATS:&nbsp; &nbsp; TELEM\u00c0TICAMENT&nbsp; (el nostre CODI de centre \u00e9s el 08024595)&nbsp; &nbsp; PRESENCIAL- AMB CITA PR\u00c8VIA:&nbsp; &nbsp;us podeu posar en contacte a:&nbsp; a8024595@xtec.cat&nbsp;o claret@claretsabadell.cat &nbsp; Per a la documentaci\u00f3 necess\u00e0ria consulteu a:&nbsp;http:\/\/queestudiar.gencat.cat\/ca\/preinscripcio\/estudis\/obligatoris\/documentacio &nbsp; Per consultar les [&hellip;]<\/p>\n","protected":false},"author":2,"featured_media":4926,"comment_status":"closed","ping_status":"closed","sticky":false,"template":"","format":"standard","meta":{"inline_featured_image":false,"_joinchat":[],"footnotes":""},"categories":[5],"tags":[],"class_list":["post-4920","post","type-post","status-publish","format-standard","has-post-thumbnail","hentry","category-noticies"],"yoast_head":"<!-- This site is optimized with the Yoast SEO plugin v27.5 - https:\/\/yoast.com\/product\/yoast-seo-wordpress\/ -->\n<title>Preinscripcions curs 2020-21 - Col\u00b7legi Claret<\/title>\n<meta name=\"robots\" content=\"index, follow, max-snippet:-1, max-image-preview:large, max-video-preview:-1\" \/>\n<link rel=\"canonical\" href=\"https:\/\/claretsabadell.cat\/es\/preinscripcions-curs-2020-21-2\/\" \/>\n<meta property=\"og:locale\" content=\"es_ES\" \/>\n<meta property=\"og:type\" content=\"article\" \/>\n<meta property=\"og:title\" content=\"Preinscripcions curs 2020-21 - Col\u00b7legi Claret\" \/>\n<meta property=\"og:description\" content=\"Obert per\u00edode de preinscripcions del 13 al 22 DE MAIG per a segon cicle d&#8217;Educaci\u00f3 Infantil, Prim\u00e0ria i Secund\u00e0ria. MODALITATS:&nbsp; &nbsp; TELEM\u00c0TICAMENT&nbsp; (el nostre CODI de centre \u00e9s el 08024595)&nbsp; &nbsp; PRESENCIAL- AMB CITA PR\u00c8VIA:&nbsp; &nbsp;us podeu posar en contacte a:&nbsp; a8024595@xtec.cat&nbsp;o claret@claretsabadell.cat &nbsp; Per a la documentaci\u00f3 necess\u00e0ria consulteu a:&nbsp;http:\/\/queestudiar.gencat.cat\/ca\/preinscripcio\/estudis\/obligatoris\/documentacio &nbsp; Per consultar les [&hellip;]\" \/>\n<meta property=\"og:url\" content=\"https:\/\/claretsabadell.cat\/es\/preinscripcions-curs-2020-21-2\/\" \/>\n<meta property=\"og:site_name\" content=\"Col\u00b7legi Claret\" \/>\n<meta property=\"article:publisher\" content=\"https:\/\/www.facebook.com\/ClaretSabadell\/\" \/>\n<meta property=\"article:published_time\" content=\"2020-05-08T07:33:36+00:00\" \/>\n<meta property=\"article:modified_time\" content=\"2020-09-13T10:53:31+00:00\" \/>\n<meta property=\"og:image\" content=\"https:\/\/claretsabadell.cat\/wp-content\/uploads\/2020\/05\/preincripcions2020.jpg\" \/>\n\t<meta property=\"og:image:width\" content=\"678\" \/>\n\t<meta property=\"og:image:height\" content=\"452\" \/>\n\t<meta property=\"og:image:type\" content=\"image\/jpeg\" \/>\n<meta name=\"author\" content=\"caparicio\" \/>\n<meta name=\"twitter:label1\" content=\"Escrito por\" \/>\n\t<meta name=\"twitter:data1\" content=\"caparicio\" \/>\n<script type=\"application\/ld+json\" class=\"yoast-schema-graph\">{\"@context\":\"https:\\\/\\\/schema.org\",\"@graph\":[{\"@type\":\"Article\",\"@id\":\"https:\\\/\\\/claretsabadell.cat\\\/es\\\/preinscripcions-curs-2020-21-2\\\/#article\",\"isPartOf\":{\"@id\":\"https:\\\/\\\/claretsabadell.cat\\\/es\\\/preinscripcions-curs-2020-21-2\\\/\"},\"author\":{\"name\":\"caparicio\",\"@id\":\"https:\\\/\\\/claretsabadell.cat\\\/es\\\/#\\\/schema\\\/person\\\/f315154d39905b3522ddecf099fccf5d\"},\"headline\":\"Preinscripcions curs 2020-21\",\"datePublished\":\"2020-05-08T07:33:36+00:00\",\"dateModified\":\"2020-09-13T10:53:31+00:00\",\"mainEntityOfPage\":{\"@id\":\"https:\\\/\\\/claretsabadell.cat\\\/es\\\/preinscripcions-curs-2020-21-2\\\/\"},\"wordCount\":94,\"publisher\":{\"@id\":\"https:\\\/\\\/claretsabadell.cat\\\/es\\\/#organization\"},\"image\":{\"@id\":\"https:\\\/\\\/claretsabadell.cat\\\/es\\\/preinscripcions-curs-2020-21-2\\\/#primaryimage\"},\"thumbnailUrl\":\"https:\\\/\\\/claretsabadell.cat\\\/wp-content\\\/uploads\\\/2020\\\/05\\\/preincripcions2020.jpg\",\"articleSection\":[\"Not\u00edcies\"],\"inLanguage\":\"es\"},{\"@type\":\"WebPage\",\"@id\":\"https:\\\/\\\/claretsabadell.cat\\\/es\\\/preinscripcions-curs-2020-21-2\\\/\",\"url\":\"https:\\\/\\\/claretsabadell.cat\\\/es\\\/preinscripcions-curs-2020-21-2\\\/\",\"name\":\"Preinscripcions curs 2020-21 - Col\u00b7legi Claret\",\"isPartOf\":{\"@id\":\"https:\\\/\\\/claretsabadell.cat\\\/es\\\/#website\"},\"primaryImageOfPage\":{\"@id\":\"https:\\\/\\\/claretsabadell.cat\\\/es\\\/preinscripcions-curs-2020-21-2\\\/#primaryimage\"},\"image\":{\"@id\":\"https:\\\/\\\/claretsabadell.cat\\\/es\\\/preinscripcions-curs-2020-21-2\\\/#primaryimage\"},\"thumbnailUrl\":\"https:\\\/\\\/claretsabadell.cat\\\/wp-content\\\/uploads\\\/2020\\\/05\\\/preincripcions2020.jpg\",\"datePublished\":\"2020-05-08T07:33:36+00:00\",\"dateModified\":\"2020-09-13T10:53:31+00:00\",\"breadcrumb\":{\"@id\":\"https:\\\/\\\/claretsabadell.cat\\\/es\\\/preinscripcions-curs-2020-21-2\\\/#breadcrumb\"},\"inLanguage\":\"es\",\"potentialAction\":[{\"@type\":\"ReadAction\",\"target\":[\"https:\\\/\\\/claretsabadell.cat\\\/es\\\/preinscripcions-curs-2020-21-2\\\/\"]}]},{\"@type\":\"ImageObject\",\"inLanguage\":\"es\",\"@id\":\"https:\\\/\\\/claretsabadell.cat\\\/es\\\/preinscripcions-curs-2020-21-2\\\/#primaryimage\",\"url\":\"https:\\\/\\\/claretsabadell.cat\\\/wp-content\\\/uploads\\\/2020\\\/05\\\/preincripcions2020.jpg\",\"contentUrl\":\"https:\\\/\\\/claretsabadell.cat\\\/wp-content\\\/uploads\\\/2020\\\/05\\\/preincripcions2020.jpg\",\"width\":678,\"height\":452},{\"@type\":\"BreadcrumbList\",\"@id\":\"https:\\\/\\\/claretsabadell.cat\\\/es\\\/preinscripcions-curs-2020-21-2\\\/#breadcrumb\",\"itemListElement\":[{\"@type\":\"ListItem\",\"position\":1,\"name\":\"Inici\",\"item\":\"https:\\\/\\\/claretsabadell.cat\\\/es\\\/\"},{\"@type\":\"ListItem\",\"position\":2,\"name\":\"Preinscripcions curs 2020-21\"}]},{\"@type\":\"WebSite\",\"@id\":\"https:\\\/\\\/claretsabadell.cat\\\/es\\\/#website\",\"url\":\"https:\\\/\\\/claretsabadell.cat\\\/es\\\/\",\"name\":\"Col\u00b7legi Claret\",\"description\":\"Educaci\u00f3 infantil, educaci\u00f3 prim\u00e0ria, ESO a Sabadell\",\"publisher\":{\"@id\":\"https:\\\/\\\/claretsabadell.cat\\\/es\\\/#organization\"},\"potentialAction\":[{\"@type\":\"SearchAction\",\"target\":{\"@type\":\"EntryPoint\",\"urlTemplate\":\"https:\\\/\\\/claretsabadell.cat\\\/es\\\/?s={search_term_string}\"},\"query-input\":{\"@type\":\"PropertyValueSpecification\",\"valueRequired\":true,\"valueName\":\"search_term_string\"}}],\"inLanguage\":\"es\"},{\"@type\":\"Organization\",\"@id\":\"https:\\\/\\\/claretsabadell.cat\\\/es\\\/#organization\",\"name\":\"Col\u00b7legi Claret Sabadell\",\"url\":\"https:\\\/\\\/claretsabadell.cat\\\/es\\\/\",\"logo\":{\"@type\":\"ImageObject\",\"inLanguage\":\"es\",\"@id\":\"https:\\\/\\\/claretsabadell.cat\\\/es\\\/#\\\/schema\\\/logo\\\/image\\\/\",\"url\":\"https:\\\/\\\/claretsabadell.cat\\\/wp-content\\\/uploads\\\/2020\\\/05\\\/claretsabadell.png\",\"contentUrl\":\"https:\\\/\\\/claretsabadell.cat\\\/wp-content\\\/uploads\\\/2020\\\/05\\\/claretsabadell.png\",\"width\":296,\"height\":100,\"caption\":\"Col\u00b7legi Claret Sabadell\"},\"image\":{\"@id\":\"https:\\\/\\\/claretsabadell.cat\\\/es\\\/#\\\/schema\\\/logo\\\/image\\\/\"},\"sameAs\":[\"https:\\\/\\\/www.facebook.com\\\/ClaretSabadell\\\/\",\"https:\\\/\\\/www.instagram.com\\\/claretsabadell\\\/\"]},{\"@type\":\"Person\",\"@id\":\"https:\\\/\\\/claretsabadell.cat\\\/es\\\/#\\\/schema\\\/person\\\/f315154d39905b3522ddecf099fccf5d\",\"name\":\"caparicio\",\"image\":{\"@type\":\"ImageObject\",\"inLanguage\":\"es\",\"@id\":\"https:\\\/\\\/secure.gravatar.com\\\/avatar\\\/1a5a59b76215d6ec635473a4038e7764468a9056019dade3a5147f4a52850459?s=96&d=mm&r=g\",\"url\":\"https:\\\/\\\/secure.gravatar.com\\\/avatar\\\/1a5a59b76215d6ec635473a4038e7764468a9056019dade3a5147f4a52850459?s=96&d=mm&r=g\",\"contentUrl\":\"https:\\\/\\\/secure.gravatar.com\\\/avatar\\\/1a5a59b76215d6ec635473a4038e7764468a9056019dade3a5147f4a52850459?s=96&d=mm&r=g\",\"caption\":\"caparicio\"}}]}<\/script>\n<!-- \/ Yoast SEO plugin. -->","yoast_head_json":{"title":"Preinscripcions curs 2020-21 - Col\u00b7legi Claret","robots":{"index":"index","follow":"follow","max-snippet":"max-snippet:-1","max-image-preview":"max-image-preview:large","max-video-preview":"max-video-preview:-1"},"canonical":"https:\/\/claretsabadell.cat\/es\/preinscripcions-curs-2020-21-2\/","og_locale":"es_ES","og_type":"article","og_title":"Preinscripcions curs 2020-21 - Col\u00b7legi Claret","og_description":"Obert per\u00edode de preinscripcions del 13 al 22 DE MAIG per a segon cicle d&#8217;Educaci\u00f3 Infantil, Prim\u00e0ria i Secund\u00e0ria. MODALITATS:&nbsp; &nbsp; TELEM\u00c0TICAMENT&nbsp; (el nostre CODI de centre \u00e9s el 08024595)&nbsp; &nbsp; PRESENCIAL- AMB CITA PR\u00c8VIA:&nbsp; &nbsp;us podeu posar en contacte a:&nbsp; a8024595@xtec.cat&nbsp;o claret@claretsabadell.cat &nbsp; Per a la documentaci\u00f3 necess\u00e0ria consulteu a:&nbsp;http:\/\/queestudiar.gencat.cat\/ca\/preinscripcio\/estudis\/obligatoris\/documentacio &nbsp; Per consultar les [&hellip;]","og_url":"https:\/\/claretsabadell.cat\/es\/preinscripcions-curs-2020-21-2\/","og_site_name":"Col\u00b7legi Claret","article_publisher":"https:\/\/www.facebook.com\/ClaretSabadell\/","article_published_time":"2020-05-08T07:33:36+00:00","article_modified_time":"2020-09-13T10:53:31+00:00","og_image":[{"width":678,"height":452,"url":"https:\/\/claretsabadell.cat\/wp-content\/uploads\/2020\/05\/preincripcions2020.jpg","type":"image\/jpeg"}],"author":"caparicio","twitter_misc":{"Escrito por":"caparicio"},"schema":{"@context":"https:\/\/schema.org","@graph":[{"@type":"Article","@id":"https:\/\/claretsabadell.cat\/es\/preinscripcions-curs-2020-21-2\/#article","isPartOf":{"@id":"https:\/\/claretsabadell.cat\/es\/preinscripcions-curs-2020-21-2\/"},"author":{"name":"caparicio","@id":"https:\/\/claretsabadell.cat\/es\/#\/schema\/person\/f315154d39905b3522ddecf099fccf5d"},"headline":"Preinscripcions curs 2020-21","datePublished":"2020-05-08T07:33:36+00:00","dateModified":"2020-09-13T10:53:31+00:00","mainEntityOfPage":{"@id":"https:\/\/claretsabadell.cat\/es\/preinscripcions-curs-2020-21-2\/"},"wordCount":94,"publisher":{"@id":"https:\/\/claretsabadell.cat\/es\/#organization"},"image":{"@id":"https:\/\/claretsabadell.cat\/es\/preinscripcions-curs-2020-21-2\/#primaryimage"},"thumbnailUrl":"https:\/\/claretsabadell.cat\/wp-content\/uploads\/2020\/05\/preincripcions2020.jpg","articleSection":["Not\u00edcies"],"inLanguage":"es"},{"@type":"WebPage","@id":"https:\/\/claretsabadell.cat\/es\/preinscripcions-curs-2020-21-2\/","url":"https:\/\/claretsabadell.cat\/es\/preinscripcions-curs-2020-21-2\/","name":"Preinscripcions curs 2020-21 - Col\u00b7legi Claret","isPartOf":{"@id":"https:\/\/claretsabadell.cat\/es\/#website"},"primaryImageOfPage":{"@id":"https:\/\/claretsabadell.cat\/es\/preinscripcions-curs-2020-21-2\/#primaryimage"},"image":{"@id":"https:\/\/claretsabadell.cat\/es\/preinscripcions-curs-2020-21-2\/#primaryimage"},"thumbnailUrl":"https:\/\/claretsabadell.cat\/wp-content\/uploads\/2020\/05\/preincripcions2020.jpg","datePublished":"2020-05-08T07:33:36+00:00","dateModified":"2020-09-13T10:53:31+00:00","breadcrumb":{"@id":"https:\/\/claretsabadell.cat\/es\/preinscripcions-curs-2020-21-2\/#breadcrumb"},"inLanguage":"es","potentialAction":[{"@type":"ReadAction","target":["https:\/\/claretsabadell.cat\/es\/preinscripcions-curs-2020-21-2\/"]}]},{"@type":"ImageObject","inLanguage":"es","@id":"https:\/\/claretsabadell.cat\/es\/preinscripcions-curs-2020-21-2\/#primaryimage","url":"https:\/\/claretsabadell.cat\/wp-content\/uploads\/2020\/05\/preincripcions2020.jpg","contentUrl":"https:\/\/claretsabadell.cat\/wp-content\/uploads\/2020\/05\/preincripcions2020.jpg","width":678,"height":452},{"@type":"BreadcrumbList","@id":"https:\/\/claretsabadell.cat\/es\/preinscripcions-curs-2020-21-2\/#breadcrumb","itemListElement":[{"@type":"ListItem","position":1,"name":"Inici","item":"https:\/\/claretsabadell.cat\/es\/"},{"@type":"ListItem","position":2,"name":"Preinscripcions curs 2020-21"}]},{"@type":"WebSite","@id":"https:\/\/claretsabadell.cat\/es\/#website","url":"https:\/\/claretsabadell.cat\/es\/","name":"Col\u00b7legi Claret","description":"Educaci\u00f3 infantil, educaci\u00f3 prim\u00e0ria, ESO a Sabadell","publisher":{"@id":"https:\/\/claretsabadell.cat\/es\/#organization"},"potentialAction":[{"@type":"SearchAction","target":{"@type":"EntryPoint","urlTemplate":"https:\/\/claretsabadell.cat\/es\/?s={search_term_string}"},"query-input":{"@type":"PropertyValueSpecification","valueRequired":true,"valueName":"search_term_string"}}],"inLanguage":"es"},{"@type":"Organization","@id":"https:\/\/claretsabadell.cat\/es\/#organization","name":"Col\u00b7legi Claret Sabadell","url":"https:\/\/claretsabadell.cat\/es\/","logo":{"@type":"ImageObject","inLanguage":"es","@id":"https:\/\/claretsabadell.cat\/es\/#\/schema\/logo\/image\/","url":"https:\/\/claretsabadell.cat\/wp-content\/uploads\/2020\/05\/claretsabadell.png","contentUrl":"https:\/\/claretsabadell.cat\/wp-content\/uploads\/2020\/05\/claretsabadell.png","width":296,"height":100,"caption":"Col\u00b7legi Claret Sabadell"},"image":{"@id":"https:\/\/claretsabadell.cat\/es\/#\/schema\/logo\/image\/"},"sameAs":["https:\/\/www.facebook.com\/ClaretSabadell\/","https:\/\/www.instagram.com\/claretsabadell\/"]},{"@type":"Person","@id":"https:\/\/claretsabadell.cat\/es\/#\/schema\/person\/f315154d39905b3522ddecf099fccf5d","name":"caparicio","image":{"@type":"ImageObject","inLanguage":"es","@id":"https:\/\/secure.gravatar.com\/avatar\/1a5a59b76215d6ec635473a4038e7764468a9056019dade3a5147f4a52850459?s=96&d=mm&r=g","url":"https:\/\/secure.gravatar.com\/avatar\/1a5a59b76215d6ec635473a4038e7764468a9056019dade3a5147f4a52850459?s=96&d=mm&r=g","contentUrl":"https:\/\/secure.gravatar.com\/avatar\/1a5a59b76215d6ec635473a4038e7764468a9056019dade3a5147f4a52850459?s=96&d=mm&r=g","caption":"caparicio"}}]}},"_links":{"self":[{"href":"https:\/\/claretsabadell.cat\/es\/wp-json\/wp\/v2\/posts\/4920","targetHints":{"allow":["GET"]}}],"collection":[{"href":"https:\/\/claretsabadell.cat\/es\/wp-json\/wp\/v2\/posts"}],"about":[{"href":"https:\/\/claretsabadell.cat\/es\/wp-json\/wp\/v2\/types\/post"}],"author":[{"embeddable":true,"href":"https:\/\/claretsabadell.cat\/es\/wp-json\/wp\/v2\/users\/2"}],"replies":[{"embeddable":true,"href":"https:\/\/claretsabadell.cat\/es\/wp-json\/wp\/v2\/comments?post=4920"}],"version-history":[{"count":8,"href":"https:\/\/claretsabadell.cat\/es\/wp-json\/wp\/v2\/posts\/4920\/revisions"}],"predecessor-version":[{"id":5862,"href":"https:\/\/claretsabadell.cat\/es\/wp-json\/wp\/v2\/posts\/4920\/revisions\/5862"}],"wp:featuredmedia":[{"embeddable":true,"href":"https:\/\/claretsabadell.cat\/es\/wp-json\/wp\/v2\/media\/4926"}],"wp:attachment":[{"href":"https:\/\/claretsabadell.cat\/es\/wp-json\/wp\/v2\/media?parent=4920"}],"wp:term":[{"taxonomy":"category","embeddable":true,"href":"https:\/\/claretsabadell.cat\/es\/wp-json\/wp\/v2\/categories?post=4920"},{"taxonomy":"post_tag","embeddable":true,"href":"https:\/\/claretsabadell.cat\/es\/wp-json\/wp\/v2\/tags?post=4920"}],"curies":[{"name":"wp","href":"https:\/\/api.w.org\/{rel}","templated":true}]}}