{"id":5289,"date":"2020-06-01T13:11:57","date_gmt":"2020-06-01T11:11:57","guid":{"rendered":"https:\/\/claretsabadell.cat\/?p=5289"},"modified":"2020-06-01T13:11:58","modified_gmt":"2020-06-01T11:11:58","slug":"lista-de-preinscipciones-curso-2020-21","status":"publish","type":"post","link":"https:\/\/claretsabadell.cat\/es\/lista-de-preinscipciones-curso-2020-21\/","title":{"rendered":"Lista de preinscripciones 2020-21"},"content":{"rendered":"\n<p>Clicar <a href=\"https:\/\/claretsabadell.cat\/wp-content\/uploads\/2020\/05\/INFORME_BAREM_PROVISIONAL_BAREM-1.pdf\" target=\"_blank\" rel=\"noreferrer noopener\">aqu\u00ed<\/a><\/p>\n","protected":false},"excerpt":{"rendered":"<p>Clicar aqu\u00ed<\/p>\n","protected":false},"author":2,"featured_media":0,"comment_status":"open","ping_status":"closed","sticky":false,"template":"","format":"standard","meta":{"inline_featured_image":false,"_joinchat":[],"footnotes":""},"categories":[8],"tags":[],"class_list":["post-5289","post","type-post","status-publish","format-standard","hentry","category-sin-categorizar"],"yoast_head":"<!-- This site is optimized with the Yoast SEO plugin v27.5 - https:\/\/yoast.com\/product\/yoast-seo-wordpress\/ -->\n<title>Lista de preinscripciones 2020-21 - Col\u00b7legi Claret<\/title>\n<meta name=\"robots\" content=\"index, follow, max-snippet:-1, max-image-preview:large, max-video-preview:-1\" \/>\n<link rel=\"canonical\" href=\"https:\/\/claretsabadell.cat\/es\/lista-de-preinscipciones-curso-2020-21\/\" \/>\n<meta property=\"og:locale\" content=\"es_ES\" \/>\n<meta property=\"og:type\" content=\"article\" \/>\n<meta property=\"og:title\" content=\"Lista de preinscripciones 2020-21 - Col\u00b7legi Claret\" \/>\n<meta property=\"og:description\" content=\"Clicar aqu\u00ed\" \/>\n<meta property=\"og:url\" content=\"https:\/\/claretsabadell.cat\/es\/lista-de-preinscipciones-curso-2020-21\/\" \/>\n<meta property=\"og:site_name\" content=\"Col\u00b7legi Claret\" \/>\n<meta property=\"article:publisher\" content=\"https:\/\/www.facebook.com\/ClaretSabadell\/\" \/>\n<meta property=\"article:published_time\" content=\"2020-06-01T11:11:57+00:00\" \/>\n<meta property=\"article:modified_time\" content=\"2020-06-01T11:11:58+00:00\" \/>\n<meta name=\"author\" content=\"caparicio\" \/>\n<meta name=\"twitter:label1\" content=\"Escrito por\" \/>\n\t<meta name=\"twitter:data1\" content=\"caparicio\" \/>\n<script type=\"application\/ld+json\" class=\"yoast-schema-graph\">{\"@context\":\"https:\\\/\\\/schema.org\",\"@graph\":[{\"@type\":\"Article\",\"@id\":\"https:\\\/\\\/claretsabadell.cat\\\/es\\\/lista-de-preinscipciones-curso-2020-21\\\/#article\",\"isPartOf\":{\"@id\":\"https:\\\/\\\/claretsabadell.cat\\\/es\\\/lista-de-preinscipciones-curso-2020-21\\\/\"},\"author\":{\"name\":\"caparicio\",\"@id\":\"https:\\\/\\\/claretsabadell.cat\\\/es\\\/#\\\/schema\\\/person\\\/f315154d39905b3522ddecf099fccf5d\"},\"headline\":\"Lista de preinscripciones 2020-21\",\"datePublished\":\"2020-06-01T11:11:57+00:00\",\"dateModified\":\"2020-06-01T11:11:58+00:00\",\"mainEntityOfPage\":{\"@id\":\"https:\\\/\\\/claretsabadell.cat\\\/es\\\/lista-de-preinscipciones-curso-2020-21\\\/\"},\"wordCount\":6,\"commentCount\":0,\"publisher\":{\"@id\":\"https:\\\/\\\/claretsabadell.cat\\\/es\\\/#organization\"},\"articleSection\":[\"Not\u00edcies\"],\"inLanguage\":\"es\"},{\"@type\":\"WebPage\",\"@id\":\"https:\\\/\\\/claretsabadell.cat\\\/es\\\/lista-de-preinscipciones-curso-2020-21\\\/\",\"url\":\"https:\\\/\\\/claretsabadell.cat\\\/es\\\/lista-de-preinscipciones-curso-2020-21\\\/\",\"name\":\"Lista de preinscripciones 2020-21 - Col\u00b7legi Claret\",\"isPartOf\":{\"@id\":\"https:\\\/\\\/claretsabadell.cat\\\/es\\\/#website\"},\"datePublished\":\"2020-06-01T11:11:57+00:00\",\"dateModified\":\"2020-06-01T11:11:58+00:00\",\"breadcrumb\":{\"@id\":\"https:\\\/\\\/claretsabadell.cat\\\/es\\\/lista-de-preinscipciones-curso-2020-21\\\/#breadcrumb\"},\"inLanguage\":\"es\",\"potentialAction\":[{\"@type\":\"ReadAction\",\"target\":[\"https:\\\/\\\/claretsabadell.cat\\\/es\\\/lista-de-preinscipciones-curso-2020-21\\\/\"]}]},{\"@type\":\"BreadcrumbList\",\"@id\":\"https:\\\/\\\/claretsabadell.cat\\\/es\\\/lista-de-preinscipciones-curso-2020-21\\\/#breadcrumb\",\"itemListElement\":[{\"@type\":\"ListItem\",\"position\":1,\"name\":\"Inici\",\"item\":\"https:\\\/\\\/claretsabadell.cat\\\/es\\\/\"},{\"@type\":\"ListItem\",\"position\":2,\"name\":\"Lista de preinscripciones 2020-21\"}]},{\"@type\":\"WebSite\",\"@id\":\"https:\\\/\\\/claretsabadell.cat\\\/es\\\/#website\",\"url\":\"https:\\\/\\\/claretsabadell.cat\\\/es\\\/\",\"name\":\"Col\u00b7legi Claret\",\"description\":\"Educaci\u00f3 infantil, educaci\u00f3 prim\u00e0ria, ESO a Sabadell\",\"publisher\":{\"@id\":\"https:\\\/\\\/claretsabadell.cat\\\/es\\\/#organization\"},\"potentialAction\":[{\"@type\":\"SearchAction\",\"target\":{\"@type\":\"EntryPoint\",\"urlTemplate\":\"https:\\\/\\\/claretsabadell.cat\\\/es\\\/?s={search_term_string}\"},\"query-input\":{\"@type\":\"PropertyValueSpecification\",\"valueRequired\":true,\"valueName\":\"search_term_string\"}}],\"inLanguage\":\"es\"},{\"@type\":\"Organization\",\"@id\":\"https:\\\/\\\/claretsabadell.cat\\\/es\\\/#organization\",\"name\":\"Col\u00b7legi Claret Sabadell\",\"url\":\"https:\\\/\\\/claretsabadell.cat\\\/es\\\/\",\"logo\":{\"@type\":\"ImageObject\",\"inLanguage\":\"es\",\"@id\":\"https:\\\/\\\/claretsabadell.cat\\\/es\\\/#\\\/schema\\\/logo\\\/image\\\/\",\"url\":\"https:\\\/\\\/claretsabadell.cat\\\/wp-content\\\/uploads\\\/2020\\\/05\\\/claretsabadell.png\",\"contentUrl\":\"https:\\\/\\\/claretsabadell.cat\\\/wp-content\\\/uploads\\\/2020\\\/05\\\/claretsabadell.png\",\"width\":296,\"height\":100,\"caption\":\"Col\u00b7legi Claret Sabadell\"},\"image\":{\"@id\":\"https:\\\/\\\/claretsabadell.cat\\\/es\\\/#\\\/schema\\\/logo\\\/image\\\/\"},\"sameAs\":[\"https:\\\/\\\/www.facebook.com\\\/ClaretSabadell\\\/\",\"https:\\\/\\\/www.instagram.com\\\/claretsabadell\\\/\"]},{\"@type\":\"Person\",\"@id\":\"https:\\\/\\\/claretsabadell.cat\\\/es\\\/#\\\/schema\\\/person\\\/f315154d39905b3522ddecf099fccf5d\",\"name\":\"caparicio\",\"image\":{\"@type\":\"ImageObject\",\"inLanguage\":\"es\",\"@id\":\"https:\\\/\\\/secure.gravatar.com\\\/avatar\\\/1a5a59b76215d6ec635473a4038e7764468a9056019dade3a5147f4a52850459?s=96&d=mm&r=g\",\"url\":\"https:\\\/\\\/secure.gravatar.com\\\/avatar\\\/1a5a59b76215d6ec635473a4038e7764468a9056019dade3a5147f4a52850459?s=96&d=mm&r=g\",\"contentUrl\":\"https:\\\/\\\/secure.gravatar.com\\\/avatar\\\/1a5a59b76215d6ec635473a4038e7764468a9056019dade3a5147f4a52850459?s=96&d=mm&r=g\",\"caption\":\"caparicio\"}}]}<\/script>\n<!-- \/ Yoast SEO plugin. -->","yoast_head_json":{"title":"Lista de preinscripciones 2020-21 - Col\u00b7legi Claret","robots":{"index":"index","follow":"follow","max-snippet":"max-snippet:-1","max-image-preview":"max-image-preview:large","max-video-preview":"max-video-preview:-1"},"canonical":"https:\/\/claretsabadell.cat\/es\/lista-de-preinscipciones-curso-2020-21\/","og_locale":"es_ES","og_type":"article","og_title":"Lista de preinscripciones 2020-21 - Col\u00b7legi Claret","og_description":"Clicar aqu\u00ed","og_url":"https:\/\/claretsabadell.cat\/es\/lista-de-preinscipciones-curso-2020-21\/","og_site_name":"Col\u00b7legi Claret","article_publisher":"https:\/\/www.facebook.com\/ClaretSabadell\/","article_published_time":"2020-06-01T11:11:57+00:00","article_modified_time":"2020-06-01T11:11:58+00:00","author":"caparicio","twitter_misc":{"Escrito por":"caparicio"},"schema":{"@context":"https:\/\/schema.org","@graph":[{"@type":"Article","@id":"https:\/\/claretsabadell.cat\/es\/lista-de-preinscipciones-curso-2020-21\/#article","isPartOf":{"@id":"https:\/\/claretsabadell.cat\/es\/lista-de-preinscipciones-curso-2020-21\/"},"author":{"name":"caparicio","@id":"https:\/\/claretsabadell.cat\/es\/#\/schema\/person\/f315154d39905b3522ddecf099fccf5d"},"headline":"Lista de preinscripciones 2020-21","datePublished":"2020-06-01T11:11:57+00:00","dateModified":"2020-06-01T11:11:58+00:00","mainEntityOfPage":{"@id":"https:\/\/claretsabadell.cat\/es\/lista-de-preinscipciones-curso-2020-21\/"},"wordCount":6,"commentCount":0,"publisher":{"@id":"https:\/\/claretsabadell.cat\/es\/#organization"},"articleSection":["Not\u00edcies"],"inLanguage":"es"},{"@type":"WebPage","@id":"https:\/\/claretsabadell.cat\/es\/lista-de-preinscipciones-curso-2020-21\/","url":"https:\/\/claretsabadell.cat\/es\/lista-de-preinscipciones-curso-2020-21\/","name":"Lista de preinscripciones 2020-21 - Col\u00b7legi Claret","isPartOf":{"@id":"https:\/\/claretsabadell.cat\/es\/#website"},"datePublished":"2020-06-01T11:11:57+00:00","dateModified":"2020-06-01T11:11:58+00:00","breadcrumb":{"@id":"https:\/\/claretsabadell.cat\/es\/lista-de-preinscipciones-curso-2020-21\/#breadcrumb"},"inLanguage":"es","potentialAction":[{"@type":"ReadAction","target":["https:\/\/claretsabadell.cat\/es\/lista-de-preinscipciones-curso-2020-21\/"]}]},{"@type":"BreadcrumbList","@id":"https:\/\/claretsabadell.cat\/es\/lista-de-preinscipciones-curso-2020-21\/#breadcrumb","itemListElement":[{"@type":"ListItem","position":1,"name":"Inici","item":"https:\/\/claretsabadell.cat\/es\/"},{"@type":"ListItem","position":2,"name":"Lista de preinscripciones 2020-21"}]},{"@type":"WebSite","@id":"https:\/\/claretsabadell.cat\/es\/#website","url":"https:\/\/claretsabadell.cat\/es\/","name":"Col\u00b7legi Claret","description":"Educaci\u00f3 infantil, educaci\u00f3 prim\u00e0ria, ESO a Sabadell","publisher":{"@id":"https:\/\/claretsabadell.cat\/es\/#organization"},"potentialAction":[{"@type":"SearchAction","target":{"@type":"EntryPoint","urlTemplate":"https:\/\/claretsabadell.cat\/es\/?s={search_term_string}"},"query-input":{"@type":"PropertyValueSpecification","valueRequired":true,"valueName":"search_term_string"}}],"inLanguage":"es"},{"@type":"Organization","@id":"https:\/\/claretsabadell.cat\/es\/#organization","name":"Col\u00b7legi Claret Sabadell","url":"https:\/\/claretsabadell.cat\/es\/","logo":{"@type":"ImageObject","inLanguage":"es","@id":"https:\/\/claretsabadell.cat\/es\/#\/schema\/logo\/image\/","url":"https:\/\/claretsabadell.cat\/wp-content\/uploads\/2020\/05\/claretsabadell.png","contentUrl":"https:\/\/claretsabadell.cat\/wp-content\/uploads\/2020\/05\/claretsabadell.png","width":296,"height":100,"caption":"Col\u00b7legi Claret Sabadell"},"image":{"@id":"https:\/\/claretsabadell.cat\/es\/#\/schema\/logo\/image\/"},"sameAs":["https:\/\/www.facebook.com\/ClaretSabadell\/","https:\/\/www.instagram.com\/claretsabadell\/"]},{"@type":"Person","@id":"https:\/\/claretsabadell.cat\/es\/#\/schema\/person\/f315154d39905b3522ddecf099fccf5d","name":"caparicio","image":{"@type":"ImageObject","inLanguage":"es","@id":"https:\/\/secure.gravatar.com\/avatar\/1a5a59b76215d6ec635473a4038e7764468a9056019dade3a5147f4a52850459?s=96&d=mm&r=g","url":"https:\/\/secure.gravatar.com\/avatar\/1a5a59b76215d6ec635473a4038e7764468a9056019dade3a5147f4a52850459?s=96&d=mm&r=g","contentUrl":"https:\/\/secure.gravatar.com\/avatar\/1a5a59b76215d6ec635473a4038e7764468a9056019dade3a5147f4a52850459?s=96&d=mm&r=g","caption":"caparicio"}}]}},"_links":{"self":[{"href":"https:\/\/claretsabadell.cat\/es\/wp-json\/wp\/v2\/posts\/5289","targetHints":{"allow":["GET"]}}],"collection":[{"href":"https:\/\/claretsabadell.cat\/es\/wp-json\/wp\/v2\/posts"}],"about":[{"href":"https:\/\/claretsabadell.cat\/es\/wp-json\/wp\/v2\/types\/post"}],"author":[{"embeddable":true,"href":"https:\/\/claretsabadell.cat\/es\/wp-json\/wp\/v2\/users\/2"}],"replies":[{"embeddable":true,"href":"https:\/\/claretsabadell.cat\/es\/wp-json\/wp\/v2\/comments?post=5289"}],"version-history":[{"count":0,"href":"https:\/\/claretsabadell.cat\/es\/wp-json\/wp\/v2\/posts\/5289\/revisions"}],"wp:attachment":[{"href":"https:\/\/claretsabadell.cat\/es\/wp-json\/wp\/v2\/media?parent=5289"}],"wp:term":[{"taxonomy":"category","embeddable":true,"href":"https:\/\/claretsabadell.cat\/es\/wp-json\/wp\/v2\/categories?post=5289"},{"taxonomy":"post_tag","embeddable":true,"href":"https:\/\/claretsabadell.cat\/es\/wp-json\/wp\/v2\/tags?post=5289"}],"curies":[{"name":"wp","href":"https:\/\/api.w.org\/{rel}","templated":true}]}}