{"id":6374,"date":"2021-09-15T20:24:21","date_gmt":"2021-09-15T18:24:21","guid":{"rendered":"https:\/\/claretsabadell.cat\/?p=6374"},"modified":"2021-09-15T20:45:13","modified_gmt":"2021-09-15T18:45:13","slug":"comenca-el-curs-2021-22","status":"publish","type":"post","link":"https:\/\/claretsabadell.cat\/es\/comenca-el-curs-2021-22\/","title":{"rendered":"Empieza el curso 2021-22"},"content":{"rendered":"\n<p>El pasado lunes, 13 de septiembre, los alumnos de segundo ciclo de educaci\u00f3n infantil, primaria y secundaria iniciaron el nuevo curso con mucha ilusi\u00f3n y con ganas de aprender y compartir experiencias y emociones. \u00a1\u00a1\u00a1Buen curso!!!<\/p>\n\n\n\n<p><\/p>\n\n\n\n<div class=\"wp-block-image\"><figure class=\"alignleft size-large is-resized\"><img decoding=\"async\" data-src=\"https:\/\/claretsabadell.cat\/wp-content\/uploads\/2021\/09\/IMG_20210914_143944_562.jpg\" alt=\"\" class=\"wp-image-6362 lazyload\" width=\"211\" height=\"211\" data-srcset=\"https:\/\/claretsabadell.cat\/wp-content\/uploads\/2021\/09\/IMG_20210914_143944_562.jpg 995w, https:\/\/claretsabadell.cat\/wp-content\/uploads\/2021\/09\/IMG_20210914_143944_562-300x300.jpg 300w, https:\/\/claretsabadell.cat\/wp-content\/uploads\/2021\/09\/IMG_20210914_143944_562-150x150.jpg 150w, https:\/\/claretsabadell.cat\/wp-content\/uploads\/2021\/09\/IMG_20210914_143944_562-768x768.jpg 768w\" data-sizes=\"(max-width: 211px) 100vw, 211px\" src=\"data:image\/svg+xml;base64,PHN2ZyB3aWR0aD0iMSIgaGVpZ2h0PSIxIiB4bWxucz0iaHR0cDovL3d3dy53My5vcmcvMjAwMC9zdmciPjwvc3ZnPg==\" style=\"--smush-placeholder-width: 211px; --smush-placeholder-aspect-ratio: 211\/211;\" \/><\/figure><\/div>\n\n\n\n<div class=\"wp-block-image\"><figure class=\"alignleft size-large is-resized\"><img fetchpriority=\"high\" decoding=\"async\" src=\"https:\/\/claretsabadell.cat\/wp-content\/uploads\/2021\/09\/IMG-20210915-WA0016.jpg\" alt=\"\" class=\"wp-image-6366\" width=\"217\" height=\"289\" srcset=\"https:\/\/claretsabadell.cat\/wp-content\/uploads\/2021\/09\/IMG-20210915-WA0016.jpg 768w, https:\/\/claretsabadell.cat\/wp-content\/uploads\/2021\/09\/IMG-20210915-WA0016-225x300.jpg 225w\" sizes=\"(max-width: 217px) 100vw, 217px\" \/><\/figure><\/div>\n\n\n\n<div class=\"wp-block-image\"><figure class=\"alignleft size-large is-resized\"><img decoding=\"async\" data-src=\"https:\/\/claretsabadell.cat\/wp-content\/uploads\/2021\/09\/IMG_20210914_145247_824.jpg\" alt=\"\" class=\"wp-image-6364 lazyload\" width=\"231\" height=\"231\" data-srcset=\"https:\/\/claretsabadell.cat\/wp-content\/uploads\/2021\/09\/IMG_20210914_145247_824.jpg 767w, https:\/\/claretsabadell.cat\/wp-content\/uploads\/2021\/09\/IMG_20210914_145247_824-300x300.jpg 300w, https:\/\/claretsabadell.cat\/wp-content\/uploads\/2021\/09\/IMG_20210914_145247_824-150x150.jpg 150w\" data-sizes=\"(max-width: 231px) 100vw, 231px\" src=\"data:image\/svg+xml;base64,PHN2ZyB3aWR0aD0iMSIgaGVpZ2h0PSIxIiB4bWxucz0iaHR0cDovL3d3dy53My5vcmcvMjAwMC9zdmciPjwvc3ZnPg==\" style=\"--smush-placeholder-width: 231px; --smush-placeholder-aspect-ratio: 231\/231;\" \/><\/figure><\/div>\n","protected":false},"excerpt":{"rendered":"<p>El pasado lunes, 13 de septiembre, los alumnos de segundo ciclo de educaci\u00f3n infantil, primaria y secundaria iniciaron el nuevo curso con mucha ilusi\u00f3n y con ganas de aprender y compartir experiencias y emociones. \u00a1\u00a1\u00a1Buen curso!!!<\/p>\n","protected":false},"author":2,"featured_media":0,"comment_status":"open","ping_status":"closed","sticky":false,"template":"","format":"standard","meta":{"inline_featured_image":false,"_joinchat":[],"footnotes":""},"categories":[8],"tags":[],"class_list":["post-6374","post","type-post","status-publish","format-standard","hentry","category-sin-categorizar"],"yoast_head":"<!-- This site is optimized with the Yoast SEO plugin v27.5 - https:\/\/yoast.com\/product\/yoast-seo-wordpress\/ -->\n<title>Empieza el curso 2021-22 - Col\u00b7legi Claret<\/title>\n<meta name=\"robots\" content=\"index, follow, max-snippet:-1, max-image-preview:large, max-video-preview:-1\" \/>\n<link rel=\"canonical\" href=\"https:\/\/claretsabadell.cat\/es\/comenca-el-curs-2021-22\/\" \/>\n<meta property=\"og:locale\" content=\"es_ES\" \/>\n<meta property=\"og:type\" content=\"article\" \/>\n<meta property=\"og:title\" content=\"Empieza el curso 2021-22 - Col\u00b7legi Claret\" \/>\n<meta property=\"og:description\" content=\"El pasado lunes, 13 de septiembre, los alumnos de segundo ciclo de educaci\u00f3n infantil, primaria y secundaria iniciaron el nuevo curso con mucha ilusi\u00f3n y con ganas de aprender y compartir experiencias y emociones. \u00a1\u00a1\u00a1Buen curso!!!\" \/>\n<meta property=\"og:url\" content=\"https:\/\/claretsabadell.cat\/es\/comenca-el-curs-2021-22\/\" \/>\n<meta property=\"og:site_name\" content=\"Col\u00b7legi Claret\" \/>\n<meta property=\"article:publisher\" content=\"https:\/\/www.facebook.com\/ClaretSabadell\/\" \/>\n<meta property=\"article:published_time\" content=\"2021-09-15T18:24:21+00:00\" \/>\n<meta property=\"article:modified_time\" content=\"2021-09-15T18:45:13+00:00\" \/>\n<meta property=\"og:image\" content=\"https:\/\/claretsabadell.cat\/wp-content\/uploads\/2021\/09\/IMG_20210914_143944_562.jpg\" \/>\n<meta name=\"author\" content=\"caparicio\" \/>\n<meta name=\"twitter:label1\" content=\"Escrito por\" \/>\n\t<meta name=\"twitter:data1\" content=\"caparicio\" \/>\n\t<meta name=\"twitter:label2\" content=\"Tiempo de lectura\" \/>\n\t<meta name=\"twitter:data2\" content=\"1 minuto\" \/>\n<script type=\"application\/ld+json\" class=\"yoast-schema-graph\">{\"@context\":\"https:\\\/\\\/schema.org\",\"@graph\":[{\"@type\":\"Article\",\"@id\":\"https:\\\/\\\/claretsabadell.cat\\\/es\\\/comenca-el-curs-2021-22\\\/#article\",\"isPartOf\":{\"@id\":\"https:\\\/\\\/claretsabadell.cat\\\/es\\\/comenca-el-curs-2021-22\\\/\"},\"author\":{\"name\":\"caparicio\",\"@id\":\"https:\\\/\\\/claretsabadell.cat\\\/es\\\/#\\\/schema\\\/person\\\/f315154d39905b3522ddecf099fccf5d\"},\"headline\":\"Empieza el curso 2021-22\",\"datePublished\":\"2021-09-15T18:24:21+00:00\",\"dateModified\":\"2021-09-15T18:45:13+00:00\",\"mainEntityOfPage\":{\"@id\":\"https:\\\/\\\/claretsabadell.cat\\\/es\\\/comenca-el-curs-2021-22\\\/\"},\"wordCount\":41,\"commentCount\":0,\"publisher\":{\"@id\":\"https:\\\/\\\/claretsabadell.cat\\\/es\\\/#organization\"},\"image\":{\"@id\":\"https:\\\/\\\/claretsabadell.cat\\\/es\\\/comenca-el-curs-2021-22\\\/#primaryimage\"},\"thumbnailUrl\":\"https:\\\/\\\/claretsabadell.cat\\\/wp-content\\\/uploads\\\/2021\\\/09\\\/IMG_20210914_143944_562.jpg\",\"articleSection\":[\"Not\u00edcies\"],\"inLanguage\":\"es\"},{\"@type\":\"WebPage\",\"@id\":\"https:\\\/\\\/claretsabadell.cat\\\/es\\\/comenca-el-curs-2021-22\\\/\",\"url\":\"https:\\\/\\\/claretsabadell.cat\\\/es\\\/comenca-el-curs-2021-22\\\/\",\"name\":\"Empieza el curso 2021-22 - Col\u00b7legi Claret\",\"isPartOf\":{\"@id\":\"https:\\\/\\\/claretsabadell.cat\\\/es\\\/#website\"},\"primaryImageOfPage\":{\"@id\":\"https:\\\/\\\/claretsabadell.cat\\\/es\\\/comenca-el-curs-2021-22\\\/#primaryimage\"},\"image\":{\"@id\":\"https:\\\/\\\/claretsabadell.cat\\\/es\\\/comenca-el-curs-2021-22\\\/#primaryimage\"},\"thumbnailUrl\":\"https:\\\/\\\/claretsabadell.cat\\\/wp-content\\\/uploads\\\/2021\\\/09\\\/IMG_20210914_143944_562.jpg\",\"datePublished\":\"2021-09-15T18:24:21+00:00\",\"dateModified\":\"2021-09-15T18:45:13+00:00\",\"breadcrumb\":{\"@id\":\"https:\\\/\\\/claretsabadell.cat\\\/es\\\/comenca-el-curs-2021-22\\\/#breadcrumb\"},\"inLanguage\":\"es\",\"potentialAction\":[{\"@type\":\"ReadAction\",\"target\":[\"https:\\\/\\\/claretsabadell.cat\\\/es\\\/comenca-el-curs-2021-22\\\/\"]}]},{\"@type\":\"ImageObject\",\"inLanguage\":\"es\",\"@id\":\"https:\\\/\\\/claretsabadell.cat\\\/es\\\/comenca-el-curs-2021-22\\\/#primaryimage\",\"url\":\"https:\\\/\\\/claretsabadell.cat\\\/wp-content\\\/uploads\\\/2021\\\/09\\\/IMG_20210914_143944_562.jpg\",\"contentUrl\":\"https:\\\/\\\/claretsabadell.cat\\\/wp-content\\\/uploads\\\/2021\\\/09\\\/IMG_20210914_143944_562.jpg\"},{\"@type\":\"BreadcrumbList\",\"@id\":\"https:\\\/\\\/claretsabadell.cat\\\/es\\\/comenca-el-curs-2021-22\\\/#breadcrumb\",\"itemListElement\":[{\"@type\":\"ListItem\",\"position\":1,\"name\":\"Inici\",\"item\":\"https:\\\/\\\/claretsabadell.cat\\\/es\\\/\"},{\"@type\":\"ListItem\",\"position\":2,\"name\":\"Empieza el curso 2021-22\"}]},{\"@type\":\"WebSite\",\"@id\":\"https:\\\/\\\/claretsabadell.cat\\\/es\\\/#website\",\"url\":\"https:\\\/\\\/claretsabadell.cat\\\/es\\\/\",\"name\":\"Col\u00b7legi Claret\",\"description\":\"Educaci\u00f3 infantil, educaci\u00f3 prim\u00e0ria, ESO a Sabadell\",\"publisher\":{\"@id\":\"https:\\\/\\\/claretsabadell.cat\\\/es\\\/#organization\"},\"potentialAction\":[{\"@type\":\"SearchAction\",\"target\":{\"@type\":\"EntryPoint\",\"urlTemplate\":\"https:\\\/\\\/claretsabadell.cat\\\/es\\\/?s={search_term_string}\"},\"query-input\":{\"@type\":\"PropertyValueSpecification\",\"valueRequired\":true,\"valueName\":\"search_term_string\"}}],\"inLanguage\":\"es\"},{\"@type\":\"Organization\",\"@id\":\"https:\\\/\\\/claretsabadell.cat\\\/es\\\/#organization\",\"name\":\"Col\u00b7legi Claret Sabadell\",\"url\":\"https:\\\/\\\/claretsabadell.cat\\\/es\\\/\",\"logo\":{\"@type\":\"ImageObject\",\"inLanguage\":\"es\",\"@id\":\"https:\\\/\\\/claretsabadell.cat\\\/es\\\/#\\\/schema\\\/logo\\\/image\\\/\",\"url\":\"https:\\\/\\\/claretsabadell.cat\\\/wp-content\\\/uploads\\\/2020\\\/05\\\/claretsabadell.png\",\"contentUrl\":\"https:\\\/\\\/claretsabadell.cat\\\/wp-content\\\/uploads\\\/2020\\\/05\\\/claretsabadell.png\",\"width\":296,\"height\":100,\"caption\":\"Col\u00b7legi Claret Sabadell\"},\"image\":{\"@id\":\"https:\\\/\\\/claretsabadell.cat\\\/es\\\/#\\\/schema\\\/logo\\\/image\\\/\"},\"sameAs\":[\"https:\\\/\\\/www.facebook.com\\\/ClaretSabadell\\\/\",\"https:\\\/\\\/www.instagram.com\\\/claretsabadell\\\/\"]},{\"@type\":\"Person\",\"@id\":\"https:\\\/\\\/claretsabadell.cat\\\/es\\\/#\\\/schema\\\/person\\\/f315154d39905b3522ddecf099fccf5d\",\"name\":\"caparicio\",\"image\":{\"@type\":\"ImageObject\",\"inLanguage\":\"es\",\"@id\":\"https:\\\/\\\/secure.gravatar.com\\\/avatar\\\/1a5a59b76215d6ec635473a4038e7764468a9056019dade3a5147f4a52850459?s=96&d=mm&r=g\",\"url\":\"https:\\\/\\\/secure.gravatar.com\\\/avatar\\\/1a5a59b76215d6ec635473a4038e7764468a9056019dade3a5147f4a52850459?s=96&d=mm&r=g\",\"contentUrl\":\"https:\\\/\\\/secure.gravatar.com\\\/avatar\\\/1a5a59b76215d6ec635473a4038e7764468a9056019dade3a5147f4a52850459?s=96&d=mm&r=g\",\"caption\":\"caparicio\"}}]}<\/script>\n<!-- \/ Yoast SEO plugin. -->","yoast_head_json":{"title":"Empieza el curso 2021-22 - Col\u00b7legi Claret","robots":{"index":"index","follow":"follow","max-snippet":"max-snippet:-1","max-image-preview":"max-image-preview:large","max-video-preview":"max-video-preview:-1"},"canonical":"https:\/\/claretsabadell.cat\/es\/comenca-el-curs-2021-22\/","og_locale":"es_ES","og_type":"article","og_title":"Empieza el curso 2021-22 - Col\u00b7legi Claret","og_description":"El pasado lunes, 13 de septiembre, los alumnos de segundo ciclo de educaci\u00f3n infantil, primaria y secundaria iniciaron el nuevo curso con mucha ilusi\u00f3n y con ganas de aprender y compartir experiencias y emociones. \u00a1\u00a1\u00a1Buen curso!!!","og_url":"https:\/\/claretsabadell.cat\/es\/comenca-el-curs-2021-22\/","og_site_name":"Col\u00b7legi Claret","article_publisher":"https:\/\/www.facebook.com\/ClaretSabadell\/","article_published_time":"2021-09-15T18:24:21+00:00","article_modified_time":"2021-09-15T18:45:13+00:00","og_image":[{"url":"https:\/\/claretsabadell.cat\/wp-content\/uploads\/2021\/09\/IMG_20210914_143944_562.jpg","type":"","width":"","height":""}],"author":"caparicio","twitter_misc":{"Escrito por":"caparicio","Tiempo de lectura":"1 minuto"},"schema":{"@context":"https:\/\/schema.org","@graph":[{"@type":"Article","@id":"https:\/\/claretsabadell.cat\/es\/comenca-el-curs-2021-22\/#article","isPartOf":{"@id":"https:\/\/claretsabadell.cat\/es\/comenca-el-curs-2021-22\/"},"author":{"name":"caparicio","@id":"https:\/\/claretsabadell.cat\/es\/#\/schema\/person\/f315154d39905b3522ddecf099fccf5d"},"headline":"Empieza el curso 2021-22","datePublished":"2021-09-15T18:24:21+00:00","dateModified":"2021-09-15T18:45:13+00:00","mainEntityOfPage":{"@id":"https:\/\/claretsabadell.cat\/es\/comenca-el-curs-2021-22\/"},"wordCount":41,"commentCount":0,"publisher":{"@id":"https:\/\/claretsabadell.cat\/es\/#organization"},"image":{"@id":"https:\/\/claretsabadell.cat\/es\/comenca-el-curs-2021-22\/#primaryimage"},"thumbnailUrl":"https:\/\/claretsabadell.cat\/wp-content\/uploads\/2021\/09\/IMG_20210914_143944_562.jpg","articleSection":["Not\u00edcies"],"inLanguage":"es"},{"@type":"WebPage","@id":"https:\/\/claretsabadell.cat\/es\/comenca-el-curs-2021-22\/","url":"https:\/\/claretsabadell.cat\/es\/comenca-el-curs-2021-22\/","name":"Empieza el curso 2021-22 - Col\u00b7legi Claret","isPartOf":{"@id":"https:\/\/claretsabadell.cat\/es\/#website"},"primaryImageOfPage":{"@id":"https:\/\/claretsabadell.cat\/es\/comenca-el-curs-2021-22\/#primaryimage"},"image":{"@id":"https:\/\/claretsabadell.cat\/es\/comenca-el-curs-2021-22\/#primaryimage"},"thumbnailUrl":"https:\/\/claretsabadell.cat\/wp-content\/uploads\/2021\/09\/IMG_20210914_143944_562.jpg","datePublished":"2021-09-15T18:24:21+00:00","dateModified":"2021-09-15T18:45:13+00:00","breadcrumb":{"@id":"https:\/\/claretsabadell.cat\/es\/comenca-el-curs-2021-22\/#breadcrumb"},"inLanguage":"es","potentialAction":[{"@type":"ReadAction","target":["https:\/\/claretsabadell.cat\/es\/comenca-el-curs-2021-22\/"]}]},{"@type":"ImageObject","inLanguage":"es","@id":"https:\/\/claretsabadell.cat\/es\/comenca-el-curs-2021-22\/#primaryimage","url":"https:\/\/claretsabadell.cat\/wp-content\/uploads\/2021\/09\/IMG_20210914_143944_562.jpg","contentUrl":"https:\/\/claretsabadell.cat\/wp-content\/uploads\/2021\/09\/IMG_20210914_143944_562.jpg"},{"@type":"BreadcrumbList","@id":"https:\/\/claretsabadell.cat\/es\/comenca-el-curs-2021-22\/#breadcrumb","itemListElement":[{"@type":"ListItem","position":1,"name":"Inici","item":"https:\/\/claretsabadell.cat\/es\/"},{"@type":"ListItem","position":2,"name":"Empieza el curso 2021-22"}]},{"@type":"WebSite","@id":"https:\/\/claretsabadell.cat\/es\/#website","url":"https:\/\/claretsabadell.cat\/es\/","name":"Col\u00b7legi Claret","description":"Educaci\u00f3 infantil, educaci\u00f3 prim\u00e0ria, ESO a Sabadell","publisher":{"@id":"https:\/\/claretsabadell.cat\/es\/#organization"},"potentialAction":[{"@type":"SearchAction","target":{"@type":"EntryPoint","urlTemplate":"https:\/\/claretsabadell.cat\/es\/?s={search_term_string}"},"query-input":{"@type":"PropertyValueSpecification","valueRequired":true,"valueName":"search_term_string"}}],"inLanguage":"es"},{"@type":"Organization","@id":"https:\/\/claretsabadell.cat\/es\/#organization","name":"Col\u00b7legi Claret Sabadell","url":"https:\/\/claretsabadell.cat\/es\/","logo":{"@type":"ImageObject","inLanguage":"es","@id":"https:\/\/claretsabadell.cat\/es\/#\/schema\/logo\/image\/","url":"https:\/\/claretsabadell.cat\/wp-content\/uploads\/2020\/05\/claretsabadell.png","contentUrl":"https:\/\/claretsabadell.cat\/wp-content\/uploads\/2020\/05\/claretsabadell.png","width":296,"height":100,"caption":"Col\u00b7legi Claret Sabadell"},"image":{"@id":"https:\/\/claretsabadell.cat\/es\/#\/schema\/logo\/image\/"},"sameAs":["https:\/\/www.facebook.com\/ClaretSabadell\/","https:\/\/www.instagram.com\/claretsabadell\/"]},{"@type":"Person","@id":"https:\/\/claretsabadell.cat\/es\/#\/schema\/person\/f315154d39905b3522ddecf099fccf5d","name":"caparicio","image":{"@type":"ImageObject","inLanguage":"es","@id":"https:\/\/secure.gravatar.com\/avatar\/1a5a59b76215d6ec635473a4038e7764468a9056019dade3a5147f4a52850459?s=96&d=mm&r=g","url":"https:\/\/secure.gravatar.com\/avatar\/1a5a59b76215d6ec635473a4038e7764468a9056019dade3a5147f4a52850459?s=96&d=mm&r=g","contentUrl":"https:\/\/secure.gravatar.com\/avatar\/1a5a59b76215d6ec635473a4038e7764468a9056019dade3a5147f4a52850459?s=96&d=mm&r=g","caption":"caparicio"}}]}},"_links":{"self":[{"href":"https:\/\/claretsabadell.cat\/es\/wp-json\/wp\/v2\/posts\/6374","targetHints":{"allow":["GET"]}}],"collection":[{"href":"https:\/\/claretsabadell.cat\/es\/wp-json\/wp\/v2\/posts"}],"about":[{"href":"https:\/\/claretsabadell.cat\/es\/wp-json\/wp\/v2\/types\/post"}],"author":[{"embeddable":true,"href":"https:\/\/claretsabadell.cat\/es\/wp-json\/wp\/v2\/users\/2"}],"replies":[{"embeddable":true,"href":"https:\/\/claretsabadell.cat\/es\/wp-json\/wp\/v2\/comments?post=6374"}],"version-history":[{"count":5,"href":"https:\/\/claretsabadell.cat\/es\/wp-json\/wp\/v2\/posts\/6374\/revisions"}],"predecessor-version":[{"id":6387,"href":"https:\/\/claretsabadell.cat\/es\/wp-json\/wp\/v2\/posts\/6374\/revisions\/6387"}],"wp:attachment":[{"href":"https:\/\/claretsabadell.cat\/es\/wp-json\/wp\/v2\/media?parent=6374"}],"wp:term":[{"taxonomy":"category","embeddable":true,"href":"https:\/\/claretsabadell.cat\/es\/wp-json\/wp\/v2\/categories?post=6374"},{"taxonomy":"post_tag","embeddable":true,"href":"https:\/\/claretsabadell.cat\/es\/wp-json\/wp\/v2\/tags?post=6374"}],"curies":[{"name":"wp","href":"https:\/\/api.w.org\/{rel}","templated":true}]}}