{"id":6421,"date":"2021-10-26T11:00:49","date_gmt":"2021-10-26T09:00:49","guid":{"rendered":"https:\/\/claretsabadell.cat\/?p=6421"},"modified":"2021-12-03T20:28:45","modified_gmt":"2021-12-03T19:28:45","slug":"6421","status":"publish","type":"post","link":"https:\/\/claretsabadell.cat\/es\/6421\/","title":{"rendered":"San Antonio Mar\u00eda Claret"},"content":{"rendered":"\n<p>El 24 de octubre es el d\u00eda de San Antonio Mar\u00eda Claret, el fundador de los Claretianos. El pasado viernes lo celebramos con diversas actividades: himno del Padre Claret, concurso lema de la pastoral, salidas al bosque y a diferentes parques, talleres, \u00abescape room\u00bb&#8230; \u00a1\u00a1\u00a1Todos y todas disfrutamos mucho del d\u00eda de nuestro patr\u00f3n!!!<\/p>\n\n\n\n<div class=\"wp-block-image\"><figure class=\"alignleft size-large is-resized\"><img fetchpriority=\"high\" decoding=\"async\" src=\"https:\/\/claretsabadell.cat\/wp-content\/uploads\/2021\/10\/IMG-20211022-WA0038-1024x1024.jpg\" alt=\"\" class=\"wp-image-6406\" width=\"277\" height=\"277\" srcset=\"https:\/\/claretsabadell.cat\/wp-content\/uploads\/2021\/10\/IMG-20211022-WA0038-1024x1024.jpg 1024w, https:\/\/claretsabadell.cat\/wp-content\/uploads\/2021\/10\/IMG-20211022-WA0038-300x300.jpg 300w, https:\/\/claretsabadell.cat\/wp-content\/uploads\/2021\/10\/IMG-20211022-WA0038-150x150.jpg 150w, https:\/\/claretsabadell.cat\/wp-content\/uploads\/2021\/10\/IMG-20211022-WA0038-768x768.jpg 768w, https:\/\/claretsabadell.cat\/wp-content\/uploads\/2021\/10\/IMG-20211022-WA0038-1536x1536.jpg 1536w, https:\/\/claretsabadell.cat\/wp-content\/uploads\/2021\/10\/IMG-20211022-WA0038.jpg 1599w\" sizes=\"(max-width: 277px) 100vw, 277px\" \/><\/figure><\/div>\n\n\n\n<figure class=\"wp-block-image size-large is-resized\"><img decoding=\"async\" data-src=\"https:\/\/claretsabadell.cat\/wp-content\/uploads\/2021\/10\/Screenshot_2021-10-26-09-49-39-572_com.google.android.apps_.photos-1024x1001.jpg\" alt=\"\" class=\"wp-image-6414 lazyload\" width=\"287\" height=\"280\" data-srcset=\"https:\/\/claretsabadell.cat\/wp-content\/uploads\/2021\/10\/Screenshot_2021-10-26-09-49-39-572_com.google.android.apps_.photos-1024x1001.jpg 1024w, https:\/\/claretsabadell.cat\/wp-content\/uploads\/2021\/10\/Screenshot_2021-10-26-09-49-39-572_com.google.android.apps_.photos-300x293.jpg 300w, https:\/\/claretsabadell.cat\/wp-content\/uploads\/2021\/10\/Screenshot_2021-10-26-09-49-39-572_com.google.android.apps_.photos-768x751.jpg 768w, https:\/\/claretsabadell.cat\/wp-content\/uploads\/2021\/10\/Screenshot_2021-10-26-09-49-39-572_com.google.android.apps_.photos.jpg 1080w\" data-sizes=\"(max-width: 287px) 100vw, 287px\" src=\"data:image\/svg+xml;base64,PHN2ZyB3aWR0aD0iMSIgaGVpZ2h0PSIxIiB4bWxucz0iaHR0cDovL3d3dy53My5vcmcvMjAwMC9zdmciPjwvc3ZnPg==\" style=\"--smush-placeholder-width: 287px; --smush-placeholder-aspect-ratio: 287\/280;\" \/><\/figure>\n\n\n\n<div class=\"wp-block-image\"><figure class=\"alignleft size-large is-resized\"><img decoding=\"async\" data-src=\"https:\/\/claretsabadell.cat\/wp-content\/uploads\/2021\/10\/Screenshot_2021-10-26-09-44-30-017_com.google.android.apps_.photos-1024x773.jpg\" alt=\"\" class=\"wp-image-6408 lazyload\" width=\"284\" height=\"214\" data-srcset=\"https:\/\/claretsabadell.cat\/wp-content\/uploads\/2021\/10\/Screenshot_2021-10-26-09-44-30-017_com.google.android.apps_.photos-1024x773.jpg 1024w, https:\/\/claretsabadell.cat\/wp-content\/uploads\/2021\/10\/Screenshot_2021-10-26-09-44-30-017_com.google.android.apps_.photos-300x226.jpg 300w, https:\/\/claretsabadell.cat\/wp-content\/uploads\/2021\/10\/Screenshot_2021-10-26-09-44-30-017_com.google.android.apps_.photos-768x580.jpg 768w, https:\/\/claretsabadell.cat\/wp-content\/uploads\/2021\/10\/Screenshot_2021-10-26-09-44-30-017_com.google.android.apps_.photos.jpg 1080w\" data-sizes=\"(max-width: 284px) 100vw, 284px\" src=\"data:image\/svg+xml;base64,PHN2ZyB3aWR0aD0iMSIgaGVpZ2h0PSIxIiB4bWxucz0iaHR0cDovL3d3dy53My5vcmcvMjAwMC9zdmciPjwvc3ZnPg==\" style=\"--smush-placeholder-width: 284px; --smush-placeholder-aspect-ratio: 284\/214;\" \/><\/figure><\/div>\n\n\n\n<div class=\"wp-block-image\"><figure class=\"alignleft size-large is-resized\"><img decoding=\"async\" data-src=\"https:\/\/claretsabadell.cat\/wp-content\/uploads\/2021\/10\/Screenshot_2021-10-26-09-49-53-160_com.google.android.apps_.photos-1024x904.jpg\" alt=\"\" class=\"wp-image-6410 lazyload\" width=\"264\" height=\"232\" data-srcset=\"https:\/\/claretsabadell.cat\/wp-content\/uploads\/2021\/10\/Screenshot_2021-10-26-09-49-53-160_com.google.android.apps_.photos-1024x904.jpg 1024w, https:\/\/claretsabadell.cat\/wp-content\/uploads\/2021\/10\/Screenshot_2021-10-26-09-49-53-160_com.google.android.apps_.photos-300x265.jpg 300w, https:\/\/claretsabadell.cat\/wp-content\/uploads\/2021\/10\/Screenshot_2021-10-26-09-49-53-160_com.google.android.apps_.photos-768x678.jpg 768w, https:\/\/claretsabadell.cat\/wp-content\/uploads\/2021\/10\/Screenshot_2021-10-26-09-49-53-160_com.google.android.apps_.photos.jpg 1080w\" data-sizes=\"(max-width: 264px) 100vw, 264px\" src=\"data:image\/svg+xml;base64,PHN2ZyB3aWR0aD0iMSIgaGVpZ2h0PSIxIiB4bWxucz0iaHR0cDovL3d3dy53My5vcmcvMjAwMC9zdmciPjwvc3ZnPg==\" style=\"--smush-placeholder-width: 264px; --smush-placeholder-aspect-ratio: 264\/232;\" \/><\/figure><\/div>\n\n\n\n<p><\/p>\n","protected":false},"excerpt":{"rendered":"<p>El 24 de octubre es el d\u00eda de San Antonio Mar\u00eda Claret, el fundador de los Claretianos. El pasado viernes lo celebramos con diversas actividades: himno del Padre Claret, concurso lema de la pastoral, salidas al bosque y a diferentes parques, talleres, \u00abescape room\u00bb&#8230; \u00a1\u00a1\u00a1Todos y todas disfrutamos mucho del d\u00eda de nuestro patr\u00f3n!!!<\/p>\n","protected":false},"author":2,"featured_media":0,"comment_status":"open","ping_status":"closed","sticky":false,"template":"","format":"standard","meta":{"inline_featured_image":false,"_joinchat":[],"footnotes":""},"categories":[8],"tags":[],"class_list":["post-6421","post","type-post","status-publish","format-standard","hentry","category-sin-categorizar"],"yoast_head":"<!-- This site is optimized with the Yoast SEO plugin v27.5 - https:\/\/yoast.com\/product\/yoast-seo-wordpress\/ -->\n<title>San Antonio Mar\u00eda Claret - Col\u00b7legi Claret<\/title>\n<meta name=\"robots\" content=\"index, follow, max-snippet:-1, max-image-preview:large, max-video-preview:-1\" \/>\n<link rel=\"canonical\" href=\"https:\/\/claretsabadell.cat\/es\/6421\/\" \/>\n<meta property=\"og:locale\" content=\"es_ES\" \/>\n<meta property=\"og:type\" content=\"article\" \/>\n<meta property=\"og:title\" content=\"San Antonio Mar\u00eda Claret - Col\u00b7legi Claret\" \/>\n<meta property=\"og:description\" content=\"El 24 de octubre es el d\u00eda de San Antonio Mar\u00eda Claret, el fundador de los Claretianos. El pasado viernes lo celebramos con diversas actividades: himno del Padre Claret, concurso lema de la pastoral, salidas al bosque y a diferentes parques, talleres, \u00abescape room\u00bb&#8230; \u00a1\u00a1\u00a1Todos y todas disfrutamos mucho del d\u00eda de nuestro patr\u00f3n!!!\" \/>\n<meta property=\"og:url\" content=\"https:\/\/claretsabadell.cat\/es\/6421\/\" \/>\n<meta property=\"og:site_name\" content=\"Col\u00b7legi Claret\" \/>\n<meta property=\"article:publisher\" content=\"https:\/\/www.facebook.com\/ClaretSabadell\/\" \/>\n<meta property=\"article:published_time\" content=\"2021-10-26T09:00:49+00:00\" \/>\n<meta property=\"article:modified_time\" content=\"2021-12-03T19:28:45+00:00\" \/>\n<meta property=\"og:image\" content=\"https:\/\/claretsabadell.cat\/wp-content\/uploads\/2021\/10\/IMG-20211022-WA0038-1024x1024.jpg\" \/>\n<meta name=\"author\" content=\"caparicio\" \/>\n<meta name=\"twitter:label1\" content=\"Escrito por\" \/>\n\t<meta name=\"twitter:data1\" content=\"caparicio\" \/>\n\t<meta name=\"twitter:label2\" content=\"Tiempo de lectura\" \/>\n\t<meta name=\"twitter:data2\" content=\"2 minutos\" \/>\n<script type=\"application\/ld+json\" class=\"yoast-schema-graph\">{\"@context\":\"https:\\\/\\\/schema.org\",\"@graph\":[{\"@type\":\"Article\",\"@id\":\"https:\\\/\\\/claretsabadell.cat\\\/es\\\/6421\\\/#article\",\"isPartOf\":{\"@id\":\"https:\\\/\\\/claretsabadell.cat\\\/es\\\/6421\\\/\"},\"author\":{\"name\":\"caparicio\",\"@id\":\"https:\\\/\\\/claretsabadell.cat\\\/es\\\/#\\\/schema\\\/person\\\/f315154d39905b3522ddecf099fccf5d\"},\"headline\":\"San Antonio Mar\u00eda Claret\",\"datePublished\":\"2021-10-26T09:00:49+00:00\",\"dateModified\":\"2021-12-03T19:28:45+00:00\",\"mainEntityOfPage\":{\"@id\":\"https:\\\/\\\/claretsabadell.cat\\\/es\\\/6421\\\/\"},\"wordCount\":62,\"commentCount\":0,\"publisher\":{\"@id\":\"https:\\\/\\\/claretsabadell.cat\\\/es\\\/#organization\"},\"image\":{\"@id\":\"https:\\\/\\\/claretsabadell.cat\\\/es\\\/6421\\\/#primaryimage\"},\"thumbnailUrl\":\"https:\\\/\\\/claretsabadell.cat\\\/wp-content\\\/uploads\\\/2021\\\/10\\\/IMG-20211022-WA0038-1024x1024.jpg\",\"articleSection\":[\"Not\u00edcies\"],\"inLanguage\":\"es\"},{\"@type\":\"WebPage\",\"@id\":\"https:\\\/\\\/claretsabadell.cat\\\/es\\\/6421\\\/\",\"url\":\"https:\\\/\\\/claretsabadell.cat\\\/es\\\/6421\\\/\",\"name\":\"San Antonio Mar\u00eda Claret - Col\u00b7legi Claret\",\"isPartOf\":{\"@id\":\"https:\\\/\\\/claretsabadell.cat\\\/es\\\/#website\"},\"primaryImageOfPage\":{\"@id\":\"https:\\\/\\\/claretsabadell.cat\\\/es\\\/6421\\\/#primaryimage\"},\"image\":{\"@id\":\"https:\\\/\\\/claretsabadell.cat\\\/es\\\/6421\\\/#primaryimage\"},\"thumbnailUrl\":\"https:\\\/\\\/claretsabadell.cat\\\/wp-content\\\/uploads\\\/2021\\\/10\\\/IMG-20211022-WA0038-1024x1024.jpg\",\"datePublished\":\"2021-10-26T09:00:49+00:00\",\"dateModified\":\"2021-12-03T19:28:45+00:00\",\"breadcrumb\":{\"@id\":\"https:\\\/\\\/claretsabadell.cat\\\/es\\\/6421\\\/#breadcrumb\"},\"inLanguage\":\"es\",\"potentialAction\":[{\"@type\":\"ReadAction\",\"target\":[\"https:\\\/\\\/claretsabadell.cat\\\/es\\\/6421\\\/\"]}]},{\"@type\":\"ImageObject\",\"inLanguage\":\"es\",\"@id\":\"https:\\\/\\\/claretsabadell.cat\\\/es\\\/6421\\\/#primaryimage\",\"url\":\"https:\\\/\\\/claretsabadell.cat\\\/wp-content\\\/uploads\\\/2021\\\/10\\\/IMG-20211022-WA0038-1024x1024.jpg\",\"contentUrl\":\"https:\\\/\\\/claretsabadell.cat\\\/wp-content\\\/uploads\\\/2021\\\/10\\\/IMG-20211022-WA0038-1024x1024.jpg\"},{\"@type\":\"BreadcrumbList\",\"@id\":\"https:\\\/\\\/claretsabadell.cat\\\/es\\\/6421\\\/#breadcrumb\",\"itemListElement\":[{\"@type\":\"ListItem\",\"position\":1,\"name\":\"Inici\",\"item\":\"https:\\\/\\\/claretsabadell.cat\\\/es\\\/\"},{\"@type\":\"ListItem\",\"position\":2,\"name\":\"San Antonio Mar\u00eda Claret\"}]},{\"@type\":\"WebSite\",\"@id\":\"https:\\\/\\\/claretsabadell.cat\\\/es\\\/#website\",\"url\":\"https:\\\/\\\/claretsabadell.cat\\\/es\\\/\",\"name\":\"Col\u00b7legi Claret\",\"description\":\"Educaci\u00f3 infantil, educaci\u00f3 prim\u00e0ria, ESO a Sabadell\",\"publisher\":{\"@id\":\"https:\\\/\\\/claretsabadell.cat\\\/es\\\/#organization\"},\"potentialAction\":[{\"@type\":\"SearchAction\",\"target\":{\"@type\":\"EntryPoint\",\"urlTemplate\":\"https:\\\/\\\/claretsabadell.cat\\\/es\\\/?s={search_term_string}\"},\"query-input\":{\"@type\":\"PropertyValueSpecification\",\"valueRequired\":true,\"valueName\":\"search_term_string\"}}],\"inLanguage\":\"es\"},{\"@type\":\"Organization\",\"@id\":\"https:\\\/\\\/claretsabadell.cat\\\/es\\\/#organization\",\"name\":\"Col\u00b7legi Claret Sabadell\",\"url\":\"https:\\\/\\\/claretsabadell.cat\\\/es\\\/\",\"logo\":{\"@type\":\"ImageObject\",\"inLanguage\":\"es\",\"@id\":\"https:\\\/\\\/claretsabadell.cat\\\/es\\\/#\\\/schema\\\/logo\\\/image\\\/\",\"url\":\"https:\\\/\\\/claretsabadell.cat\\\/wp-content\\\/uploads\\\/2020\\\/05\\\/claretsabadell.png\",\"contentUrl\":\"https:\\\/\\\/claretsabadell.cat\\\/wp-content\\\/uploads\\\/2020\\\/05\\\/claretsabadell.png\",\"width\":296,\"height\":100,\"caption\":\"Col\u00b7legi Claret Sabadell\"},\"image\":{\"@id\":\"https:\\\/\\\/claretsabadell.cat\\\/es\\\/#\\\/schema\\\/logo\\\/image\\\/\"},\"sameAs\":[\"https:\\\/\\\/www.facebook.com\\\/ClaretSabadell\\\/\",\"https:\\\/\\\/www.instagram.com\\\/claretsabadell\\\/\"]},{\"@type\":\"Person\",\"@id\":\"https:\\\/\\\/claretsabadell.cat\\\/es\\\/#\\\/schema\\\/person\\\/f315154d39905b3522ddecf099fccf5d\",\"name\":\"caparicio\",\"image\":{\"@type\":\"ImageObject\",\"inLanguage\":\"es\",\"@id\":\"https:\\\/\\\/secure.gravatar.com\\\/avatar\\\/1a5a59b76215d6ec635473a4038e7764468a9056019dade3a5147f4a52850459?s=96&d=mm&r=g\",\"url\":\"https:\\\/\\\/secure.gravatar.com\\\/avatar\\\/1a5a59b76215d6ec635473a4038e7764468a9056019dade3a5147f4a52850459?s=96&d=mm&r=g\",\"contentUrl\":\"https:\\\/\\\/secure.gravatar.com\\\/avatar\\\/1a5a59b76215d6ec635473a4038e7764468a9056019dade3a5147f4a52850459?s=96&d=mm&r=g\",\"caption\":\"caparicio\"}}]}<\/script>\n<!-- \/ Yoast SEO plugin. -->","yoast_head_json":{"title":"San Antonio Mar\u00eda Claret - Col\u00b7legi Claret","robots":{"index":"index","follow":"follow","max-snippet":"max-snippet:-1","max-image-preview":"max-image-preview:large","max-video-preview":"max-video-preview:-1"},"canonical":"https:\/\/claretsabadell.cat\/es\/6421\/","og_locale":"es_ES","og_type":"article","og_title":"San Antonio Mar\u00eda Claret - Col\u00b7legi Claret","og_description":"El 24 de octubre es el d\u00eda de San Antonio Mar\u00eda Claret, el fundador de los Claretianos. El pasado viernes lo celebramos con diversas actividades: himno del Padre Claret, concurso lema de la pastoral, salidas al bosque y a diferentes parques, talleres, \u00abescape room\u00bb&#8230; \u00a1\u00a1\u00a1Todos y todas disfrutamos mucho del d\u00eda de nuestro patr\u00f3n!!!","og_url":"https:\/\/claretsabadell.cat\/es\/6421\/","og_site_name":"Col\u00b7legi Claret","article_publisher":"https:\/\/www.facebook.com\/ClaretSabadell\/","article_published_time":"2021-10-26T09:00:49+00:00","article_modified_time":"2021-12-03T19:28:45+00:00","og_image":[{"url":"https:\/\/claretsabadell.cat\/wp-content\/uploads\/2021\/10\/IMG-20211022-WA0038-1024x1024.jpg","type":"","width":"","height":""}],"author":"caparicio","twitter_misc":{"Escrito por":"caparicio","Tiempo de lectura":"2 minutos"},"schema":{"@context":"https:\/\/schema.org","@graph":[{"@type":"Article","@id":"https:\/\/claretsabadell.cat\/es\/6421\/#article","isPartOf":{"@id":"https:\/\/claretsabadell.cat\/es\/6421\/"},"author":{"name":"caparicio","@id":"https:\/\/claretsabadell.cat\/es\/#\/schema\/person\/f315154d39905b3522ddecf099fccf5d"},"headline":"San Antonio Mar\u00eda Claret","datePublished":"2021-10-26T09:00:49+00:00","dateModified":"2021-12-03T19:28:45+00:00","mainEntityOfPage":{"@id":"https:\/\/claretsabadell.cat\/es\/6421\/"},"wordCount":62,"commentCount":0,"publisher":{"@id":"https:\/\/claretsabadell.cat\/es\/#organization"},"image":{"@id":"https:\/\/claretsabadell.cat\/es\/6421\/#primaryimage"},"thumbnailUrl":"https:\/\/claretsabadell.cat\/wp-content\/uploads\/2021\/10\/IMG-20211022-WA0038-1024x1024.jpg","articleSection":["Not\u00edcies"],"inLanguage":"es"},{"@type":"WebPage","@id":"https:\/\/claretsabadell.cat\/es\/6421\/","url":"https:\/\/claretsabadell.cat\/es\/6421\/","name":"San Antonio Mar\u00eda Claret - Col\u00b7legi Claret","isPartOf":{"@id":"https:\/\/claretsabadell.cat\/es\/#website"},"primaryImageOfPage":{"@id":"https:\/\/claretsabadell.cat\/es\/6421\/#primaryimage"},"image":{"@id":"https:\/\/claretsabadell.cat\/es\/6421\/#primaryimage"},"thumbnailUrl":"https:\/\/claretsabadell.cat\/wp-content\/uploads\/2021\/10\/IMG-20211022-WA0038-1024x1024.jpg","datePublished":"2021-10-26T09:00:49+00:00","dateModified":"2021-12-03T19:28:45+00:00","breadcrumb":{"@id":"https:\/\/claretsabadell.cat\/es\/6421\/#breadcrumb"},"inLanguage":"es","potentialAction":[{"@type":"ReadAction","target":["https:\/\/claretsabadell.cat\/es\/6421\/"]}]},{"@type":"ImageObject","inLanguage":"es","@id":"https:\/\/claretsabadell.cat\/es\/6421\/#primaryimage","url":"https:\/\/claretsabadell.cat\/wp-content\/uploads\/2021\/10\/IMG-20211022-WA0038-1024x1024.jpg","contentUrl":"https:\/\/claretsabadell.cat\/wp-content\/uploads\/2021\/10\/IMG-20211022-WA0038-1024x1024.jpg"},{"@type":"BreadcrumbList","@id":"https:\/\/claretsabadell.cat\/es\/6421\/#breadcrumb","itemListElement":[{"@type":"ListItem","position":1,"name":"Inici","item":"https:\/\/claretsabadell.cat\/es\/"},{"@type":"ListItem","position":2,"name":"San Antonio Mar\u00eda Claret"}]},{"@type":"WebSite","@id":"https:\/\/claretsabadell.cat\/es\/#website","url":"https:\/\/claretsabadell.cat\/es\/","name":"Col\u00b7legi Claret","description":"Educaci\u00f3 infantil, educaci\u00f3 prim\u00e0ria, ESO a Sabadell","publisher":{"@id":"https:\/\/claretsabadell.cat\/es\/#organization"},"potentialAction":[{"@type":"SearchAction","target":{"@type":"EntryPoint","urlTemplate":"https:\/\/claretsabadell.cat\/es\/?s={search_term_string}"},"query-input":{"@type":"PropertyValueSpecification","valueRequired":true,"valueName":"search_term_string"}}],"inLanguage":"es"},{"@type":"Organization","@id":"https:\/\/claretsabadell.cat\/es\/#organization","name":"Col\u00b7legi Claret Sabadell","url":"https:\/\/claretsabadell.cat\/es\/","logo":{"@type":"ImageObject","inLanguage":"es","@id":"https:\/\/claretsabadell.cat\/es\/#\/schema\/logo\/image\/","url":"https:\/\/claretsabadell.cat\/wp-content\/uploads\/2020\/05\/claretsabadell.png","contentUrl":"https:\/\/claretsabadell.cat\/wp-content\/uploads\/2020\/05\/claretsabadell.png","width":296,"height":100,"caption":"Col\u00b7legi Claret Sabadell"},"image":{"@id":"https:\/\/claretsabadell.cat\/es\/#\/schema\/logo\/image\/"},"sameAs":["https:\/\/www.facebook.com\/ClaretSabadell\/","https:\/\/www.instagram.com\/claretsabadell\/"]},{"@type":"Person","@id":"https:\/\/claretsabadell.cat\/es\/#\/schema\/person\/f315154d39905b3522ddecf099fccf5d","name":"caparicio","image":{"@type":"ImageObject","inLanguage":"es","@id":"https:\/\/secure.gravatar.com\/avatar\/1a5a59b76215d6ec635473a4038e7764468a9056019dade3a5147f4a52850459?s=96&d=mm&r=g","url":"https:\/\/secure.gravatar.com\/avatar\/1a5a59b76215d6ec635473a4038e7764468a9056019dade3a5147f4a52850459?s=96&d=mm&r=g","contentUrl":"https:\/\/secure.gravatar.com\/avatar\/1a5a59b76215d6ec635473a4038e7764468a9056019dade3a5147f4a52850459?s=96&d=mm&r=g","caption":"caparicio"}}]}},"_links":{"self":[{"href":"https:\/\/claretsabadell.cat\/es\/wp-json\/wp\/v2\/posts\/6421","targetHints":{"allow":["GET"]}}],"collection":[{"href":"https:\/\/claretsabadell.cat\/es\/wp-json\/wp\/v2\/posts"}],"about":[{"href":"https:\/\/claretsabadell.cat\/es\/wp-json\/wp\/v2\/types\/post"}],"author":[{"embeddable":true,"href":"https:\/\/claretsabadell.cat\/es\/wp-json\/wp\/v2\/users\/2"}],"replies":[{"embeddable":true,"href":"https:\/\/claretsabadell.cat\/es\/wp-json\/wp\/v2\/comments?post=6421"}],"version-history":[{"count":5,"href":"https:\/\/claretsabadell.cat\/es\/wp-json\/wp\/v2\/posts\/6421\/revisions"}],"predecessor-version":[{"id":6448,"href":"https:\/\/claretsabadell.cat\/es\/wp-json\/wp\/v2\/posts\/6421\/revisions\/6448"}],"wp:attachment":[{"href":"https:\/\/claretsabadell.cat\/es\/wp-json\/wp\/v2\/media?parent=6421"}],"wp:term":[{"taxonomy":"category","embeddable":true,"href":"https:\/\/claretsabadell.cat\/es\/wp-json\/wp\/v2\/categories?post=6421"},{"taxonomy":"post_tag","embeddable":true,"href":"https:\/\/claretsabadell.cat\/es\/wp-json\/wp\/v2\/tags?post=6421"}],"curies":[{"name":"wp","href":"https:\/\/api.w.org\/{rel}","templated":true}]}}