{"id":6870,"date":"2023-02-21T20:42:55","date_gmt":"2023-02-21T19:42:55","guid":{"rendered":"https:\/\/claretsabadell.cat\/?p=6870"},"modified":"2023-02-21T20:45:10","modified_gmt":"2023-02-21T19:45:10","slug":"carnaval-2023","status":"publish","type":"post","link":"https:\/\/claretsabadell.cat\/es\/carnaval-2023\/","title":{"rendered":"Carnaval 2023"},"content":{"rendered":"\n<p>El passat divendres vam celebrar el Carnaval a l&#8217;escola. <\/p>\n\n\n\n<p>Desfilades, m\u00fasica, balls, disfresses, gatzara i moltes rialles.<\/p>\n\n\n\n<figure class=\"wp-block-image alignright size-large is-resized\"><img fetchpriority=\"high\" decoding=\"async\" src=\"https:\/\/claretsabadell.cat\/wp-content\/uploads\/2023\/02\/IMG_20230217_181402_536-1024x1024.webp\" alt=\"\" class=\"wp-image-6871\" width=\"253\" height=\"253\" srcset=\"https:\/\/claretsabadell.cat\/wp-content\/uploads\/2023\/02\/IMG_20230217_181402_536-1024x1024.webp 1024w, https:\/\/claretsabadell.cat\/wp-content\/uploads\/2023\/02\/IMG_20230217_181402_536-300x300.webp 300w, https:\/\/claretsabadell.cat\/wp-content\/uploads\/2023\/02\/IMG_20230217_181402_536-150x150.webp 150w, https:\/\/claretsabadell.cat\/wp-content\/uploads\/2023\/02\/IMG_20230217_181402_536-768x768.webp 768w, https:\/\/claretsabadell.cat\/wp-content\/uploads\/2023\/02\/IMG_20230217_181402_536.webp 1215w\" sizes=\"(max-width: 253px) 100vw, 253px\" \/><\/figure>\n\n\n\n<figure class=\"wp-block-image alignleft size-large is-resized\"><img decoding=\"async\" data-src=\"https:\/\/claretsabadell.cat\/wp-content\/uploads\/2023\/02\/IMG_20230217_192727_667-1-1024x1024.webp\" alt=\"\" class=\"wp-image-6873 lazyload\" width=\"250\" height=\"250\" data-srcset=\"https:\/\/claretsabadell.cat\/wp-content\/uploads\/2023\/02\/IMG_20230217_192727_667-1-1024x1024.webp 1024w, https:\/\/claretsabadell.cat\/wp-content\/uploads\/2023\/02\/IMG_20230217_192727_667-1-300x300.webp 300w, https:\/\/claretsabadell.cat\/wp-content\/uploads\/2023\/02\/IMG_20230217_192727_667-1-150x150.webp 150w, https:\/\/claretsabadell.cat\/wp-content\/uploads\/2023\/02\/IMG_20230217_192727_667-1-768x768.webp 768w, https:\/\/claretsabadell.cat\/wp-content\/uploads\/2023\/02\/IMG_20230217_192727_667-1.webp 1440w\" data-sizes=\"(max-width: 250px) 100vw, 250px\" src=\"data:image\/svg+xml;base64,PHN2ZyB3aWR0aD0iMSIgaGVpZ2h0PSIxIiB4bWxucz0iaHR0cDovL3d3dy53My5vcmcvMjAwMC9zdmciPjwvc3ZnPg==\" style=\"--smush-placeholder-width: 250px; --smush-placeholder-aspect-ratio: 250\/250;\" \/><\/figure>\n\n\n\n<figure class=\"wp-block-image aligncenter size-full is-resized\"><img decoding=\"async\" data-src=\"https:\/\/claretsabadell.cat\/wp-content\/uploads\/2023\/02\/IMG-20230217-WA00612.jpg\" alt=\"\" class=\"wp-image-6875 lazyload\" width=\"187\" height=\"261\" data-srcset=\"https:\/\/claretsabadell.cat\/wp-content\/uploads\/2023\/02\/IMG-20230217-WA00612.jpg 618w, https:\/\/claretsabadell.cat\/wp-content\/uploads\/2023\/02\/IMG-20230217-WA00612-214x300.jpg 214w\" data-sizes=\"(max-width: 187px) 100vw, 187px\" src=\"data:image\/svg+xml;base64,PHN2ZyB3aWR0aD0iMSIgaGVpZ2h0PSIxIiB4bWxucz0iaHR0cDovL3d3dy53My5vcmcvMjAwMC9zdmciPjwvc3ZnPg==\" style=\"--smush-placeholder-width: 187px; --smush-placeholder-aspect-ratio: 187\/261;\" \/><\/figure>\n","protected":false},"excerpt":{"rendered":"<p>El passat divendres vam celebrar el Carnaval a l&#8217;escola. Desfilades, m\u00fasica, balls, disfresses, gatzara i moltes rialles.<\/p>\n","protected":false},"author":2,"featured_media":0,"comment_status":"open","ping_status":"closed","sticky":false,"template":"","format":"standard","meta":{"inline_featured_image":false,"_joinchat":[],"footnotes":""},"categories":[5],"tags":[],"class_list":["post-6870","post","type-post","status-publish","format-standard","hentry","category-noticies"],"yoast_head":"<!-- This site is optimized with the Yoast SEO plugin v27.5 - https:\/\/yoast.com\/product\/yoast-seo-wordpress\/ -->\n<title>Carnaval 2023 - Col\u00b7legi Claret<\/title>\n<meta name=\"robots\" content=\"index, follow, max-snippet:-1, max-image-preview:large, max-video-preview:-1\" \/>\n<link rel=\"canonical\" href=\"https:\/\/claretsabadell.cat\/es\/carnaval-2023\/\" \/>\n<meta property=\"og:locale\" content=\"es_ES\" \/>\n<meta property=\"og:type\" content=\"article\" \/>\n<meta property=\"og:title\" content=\"Carnaval 2023 - Col\u00b7legi Claret\" \/>\n<meta property=\"og:description\" content=\"El passat divendres vam celebrar el Carnaval a l&#8217;escola. Desfilades, m\u00fasica, balls, disfresses, gatzara i moltes rialles.\" \/>\n<meta property=\"og:url\" content=\"https:\/\/claretsabadell.cat\/es\/carnaval-2023\/\" \/>\n<meta property=\"og:site_name\" content=\"Col\u00b7legi Claret\" \/>\n<meta property=\"article:publisher\" content=\"https:\/\/www.facebook.com\/ClaretSabadell\/\" \/>\n<meta property=\"article:published_time\" content=\"2023-02-21T19:42:55+00:00\" \/>\n<meta property=\"article:modified_time\" content=\"2023-02-21T19:45:10+00:00\" \/>\n<meta property=\"og:image\" content=\"https:\/\/claretsabadell.cat\/wp-content\/uploads\/2023\/02\/IMG_20230217_181402_536-1024x1024.webp\" \/>\n<meta name=\"author\" content=\"caparicio\" \/>\n<meta name=\"twitter:label1\" content=\"Escrito por\" \/>\n\t<meta name=\"twitter:data1\" content=\"caparicio\" \/>\n\t<meta name=\"twitter:label2\" content=\"Tiempo de lectura\" \/>\n\t<meta name=\"twitter:data2\" content=\"1 minuto\" \/>\n<script type=\"application\/ld+json\" class=\"yoast-schema-graph\">{\"@context\":\"https:\\\/\\\/schema.org\",\"@graph\":[{\"@type\":\"Article\",\"@id\":\"https:\\\/\\\/claretsabadell.cat\\\/es\\\/carnaval-2023\\\/#article\",\"isPartOf\":{\"@id\":\"https:\\\/\\\/claretsabadell.cat\\\/es\\\/carnaval-2023\\\/\"},\"author\":{\"name\":\"caparicio\",\"@id\":\"https:\\\/\\\/claretsabadell.cat\\\/es\\\/#\\\/schema\\\/person\\\/f315154d39905b3522ddecf099fccf5d\"},\"headline\":\"Carnaval 2023\",\"datePublished\":\"2023-02-21T19:42:55+00:00\",\"dateModified\":\"2023-02-21T19:45:10+00:00\",\"mainEntityOfPage\":{\"@id\":\"https:\\\/\\\/claretsabadell.cat\\\/es\\\/carnaval-2023\\\/\"},\"wordCount\":20,\"commentCount\":0,\"publisher\":{\"@id\":\"https:\\\/\\\/claretsabadell.cat\\\/es\\\/#organization\"},\"image\":{\"@id\":\"https:\\\/\\\/claretsabadell.cat\\\/es\\\/carnaval-2023\\\/#primaryimage\"},\"thumbnailUrl\":\"https:\\\/\\\/claretsabadell.cat\\\/wp-content\\\/uploads\\\/2023\\\/02\\\/IMG_20230217_181402_536-1024x1024.webp\",\"articleSection\":[\"Not\u00edcies\"],\"inLanguage\":\"es\"},{\"@type\":\"WebPage\",\"@id\":\"https:\\\/\\\/claretsabadell.cat\\\/es\\\/carnaval-2023\\\/\",\"url\":\"https:\\\/\\\/claretsabadell.cat\\\/es\\\/carnaval-2023\\\/\",\"name\":\"Carnaval 2023 - Col\u00b7legi Claret\",\"isPartOf\":{\"@id\":\"https:\\\/\\\/claretsabadell.cat\\\/es\\\/#website\"},\"primaryImageOfPage\":{\"@id\":\"https:\\\/\\\/claretsabadell.cat\\\/es\\\/carnaval-2023\\\/#primaryimage\"},\"image\":{\"@id\":\"https:\\\/\\\/claretsabadell.cat\\\/es\\\/carnaval-2023\\\/#primaryimage\"},\"thumbnailUrl\":\"https:\\\/\\\/claretsabadell.cat\\\/wp-content\\\/uploads\\\/2023\\\/02\\\/IMG_20230217_181402_536-1024x1024.webp\",\"datePublished\":\"2023-02-21T19:42:55+00:00\",\"dateModified\":\"2023-02-21T19:45:10+00:00\",\"breadcrumb\":{\"@id\":\"https:\\\/\\\/claretsabadell.cat\\\/es\\\/carnaval-2023\\\/#breadcrumb\"},\"inLanguage\":\"es\",\"potentialAction\":[{\"@type\":\"ReadAction\",\"target\":[\"https:\\\/\\\/claretsabadell.cat\\\/es\\\/carnaval-2023\\\/\"]}]},{\"@type\":\"ImageObject\",\"inLanguage\":\"es\",\"@id\":\"https:\\\/\\\/claretsabadell.cat\\\/es\\\/carnaval-2023\\\/#primaryimage\",\"url\":\"https:\\\/\\\/claretsabadell.cat\\\/wp-content\\\/uploads\\\/2023\\\/02\\\/IMG_20230217_181402_536-1024x1024.webp\",\"contentUrl\":\"https:\\\/\\\/claretsabadell.cat\\\/wp-content\\\/uploads\\\/2023\\\/02\\\/IMG_20230217_181402_536-1024x1024.webp\"},{\"@type\":\"BreadcrumbList\",\"@id\":\"https:\\\/\\\/claretsabadell.cat\\\/es\\\/carnaval-2023\\\/#breadcrumb\",\"itemListElement\":[{\"@type\":\"ListItem\",\"position\":1,\"name\":\"Inici\",\"item\":\"https:\\\/\\\/claretsabadell.cat\\\/es\\\/\"},{\"@type\":\"ListItem\",\"position\":2,\"name\":\"Carnaval 2023\"}]},{\"@type\":\"WebSite\",\"@id\":\"https:\\\/\\\/claretsabadell.cat\\\/es\\\/#website\",\"url\":\"https:\\\/\\\/claretsabadell.cat\\\/es\\\/\",\"name\":\"Col\u00b7legi Claret\",\"description\":\"Educaci\u00f3 infantil, educaci\u00f3 prim\u00e0ria, ESO a Sabadell\",\"publisher\":{\"@id\":\"https:\\\/\\\/claretsabadell.cat\\\/es\\\/#organization\"},\"potentialAction\":[{\"@type\":\"SearchAction\",\"target\":{\"@type\":\"EntryPoint\",\"urlTemplate\":\"https:\\\/\\\/claretsabadell.cat\\\/es\\\/?s={search_term_string}\"},\"query-input\":{\"@type\":\"PropertyValueSpecification\",\"valueRequired\":true,\"valueName\":\"search_term_string\"}}],\"inLanguage\":\"es\"},{\"@type\":\"Organization\",\"@id\":\"https:\\\/\\\/claretsabadell.cat\\\/es\\\/#organization\",\"name\":\"Col\u00b7legi Claret Sabadell\",\"url\":\"https:\\\/\\\/claretsabadell.cat\\\/es\\\/\",\"logo\":{\"@type\":\"ImageObject\",\"inLanguage\":\"es\",\"@id\":\"https:\\\/\\\/claretsabadell.cat\\\/es\\\/#\\\/schema\\\/logo\\\/image\\\/\",\"url\":\"https:\\\/\\\/claretsabadell.cat\\\/wp-content\\\/uploads\\\/2020\\\/05\\\/claretsabadell.png\",\"contentUrl\":\"https:\\\/\\\/claretsabadell.cat\\\/wp-content\\\/uploads\\\/2020\\\/05\\\/claretsabadell.png\",\"width\":296,\"height\":100,\"caption\":\"Col\u00b7legi Claret Sabadell\"},\"image\":{\"@id\":\"https:\\\/\\\/claretsabadell.cat\\\/es\\\/#\\\/schema\\\/logo\\\/image\\\/\"},\"sameAs\":[\"https:\\\/\\\/www.facebook.com\\\/ClaretSabadell\\\/\",\"https:\\\/\\\/www.instagram.com\\\/claretsabadell\\\/\"]},{\"@type\":\"Person\",\"@id\":\"https:\\\/\\\/claretsabadell.cat\\\/es\\\/#\\\/schema\\\/person\\\/f315154d39905b3522ddecf099fccf5d\",\"name\":\"caparicio\",\"image\":{\"@type\":\"ImageObject\",\"inLanguage\":\"es\",\"@id\":\"https:\\\/\\\/secure.gravatar.com\\\/avatar\\\/1a5a59b76215d6ec635473a4038e7764468a9056019dade3a5147f4a52850459?s=96&d=mm&r=g\",\"url\":\"https:\\\/\\\/secure.gravatar.com\\\/avatar\\\/1a5a59b76215d6ec635473a4038e7764468a9056019dade3a5147f4a52850459?s=96&d=mm&r=g\",\"contentUrl\":\"https:\\\/\\\/secure.gravatar.com\\\/avatar\\\/1a5a59b76215d6ec635473a4038e7764468a9056019dade3a5147f4a52850459?s=96&d=mm&r=g\",\"caption\":\"caparicio\"}}]}<\/script>\n<!-- \/ Yoast SEO plugin. -->","yoast_head_json":{"title":"Carnaval 2023 - Col\u00b7legi Claret","robots":{"index":"index","follow":"follow","max-snippet":"max-snippet:-1","max-image-preview":"max-image-preview:large","max-video-preview":"max-video-preview:-1"},"canonical":"https:\/\/claretsabadell.cat\/es\/carnaval-2023\/","og_locale":"es_ES","og_type":"article","og_title":"Carnaval 2023 - Col\u00b7legi Claret","og_description":"El passat divendres vam celebrar el Carnaval a l&#8217;escola. Desfilades, m\u00fasica, balls, disfresses, gatzara i moltes rialles.","og_url":"https:\/\/claretsabadell.cat\/es\/carnaval-2023\/","og_site_name":"Col\u00b7legi Claret","article_publisher":"https:\/\/www.facebook.com\/ClaretSabadell\/","article_published_time":"2023-02-21T19:42:55+00:00","article_modified_time":"2023-02-21T19:45:10+00:00","og_image":[{"url":"https:\/\/claretsabadell.cat\/wp-content\/uploads\/2023\/02\/IMG_20230217_181402_536-1024x1024.webp","type":"","width":"","height":""}],"author":"caparicio","twitter_misc":{"Escrito por":"caparicio","Tiempo de lectura":"1 minuto"},"schema":{"@context":"https:\/\/schema.org","@graph":[{"@type":"Article","@id":"https:\/\/claretsabadell.cat\/es\/carnaval-2023\/#article","isPartOf":{"@id":"https:\/\/claretsabadell.cat\/es\/carnaval-2023\/"},"author":{"name":"caparicio","@id":"https:\/\/claretsabadell.cat\/es\/#\/schema\/person\/f315154d39905b3522ddecf099fccf5d"},"headline":"Carnaval 2023","datePublished":"2023-02-21T19:42:55+00:00","dateModified":"2023-02-21T19:45:10+00:00","mainEntityOfPage":{"@id":"https:\/\/claretsabadell.cat\/es\/carnaval-2023\/"},"wordCount":20,"commentCount":0,"publisher":{"@id":"https:\/\/claretsabadell.cat\/es\/#organization"},"image":{"@id":"https:\/\/claretsabadell.cat\/es\/carnaval-2023\/#primaryimage"},"thumbnailUrl":"https:\/\/claretsabadell.cat\/wp-content\/uploads\/2023\/02\/IMG_20230217_181402_536-1024x1024.webp","articleSection":["Not\u00edcies"],"inLanguage":"es"},{"@type":"WebPage","@id":"https:\/\/claretsabadell.cat\/es\/carnaval-2023\/","url":"https:\/\/claretsabadell.cat\/es\/carnaval-2023\/","name":"Carnaval 2023 - Col\u00b7legi Claret","isPartOf":{"@id":"https:\/\/claretsabadell.cat\/es\/#website"},"primaryImageOfPage":{"@id":"https:\/\/claretsabadell.cat\/es\/carnaval-2023\/#primaryimage"},"image":{"@id":"https:\/\/claretsabadell.cat\/es\/carnaval-2023\/#primaryimage"},"thumbnailUrl":"https:\/\/claretsabadell.cat\/wp-content\/uploads\/2023\/02\/IMG_20230217_181402_536-1024x1024.webp","datePublished":"2023-02-21T19:42:55+00:00","dateModified":"2023-02-21T19:45:10+00:00","breadcrumb":{"@id":"https:\/\/claretsabadell.cat\/es\/carnaval-2023\/#breadcrumb"},"inLanguage":"es","potentialAction":[{"@type":"ReadAction","target":["https:\/\/claretsabadell.cat\/es\/carnaval-2023\/"]}]},{"@type":"ImageObject","inLanguage":"es","@id":"https:\/\/claretsabadell.cat\/es\/carnaval-2023\/#primaryimage","url":"https:\/\/claretsabadell.cat\/wp-content\/uploads\/2023\/02\/IMG_20230217_181402_536-1024x1024.webp","contentUrl":"https:\/\/claretsabadell.cat\/wp-content\/uploads\/2023\/02\/IMG_20230217_181402_536-1024x1024.webp"},{"@type":"BreadcrumbList","@id":"https:\/\/claretsabadell.cat\/es\/carnaval-2023\/#breadcrumb","itemListElement":[{"@type":"ListItem","position":1,"name":"Inici","item":"https:\/\/claretsabadell.cat\/es\/"},{"@type":"ListItem","position":2,"name":"Carnaval 2023"}]},{"@type":"WebSite","@id":"https:\/\/claretsabadell.cat\/es\/#website","url":"https:\/\/claretsabadell.cat\/es\/","name":"Col\u00b7legi Claret","description":"Educaci\u00f3 infantil, educaci\u00f3 prim\u00e0ria, ESO a Sabadell","publisher":{"@id":"https:\/\/claretsabadell.cat\/es\/#organization"},"potentialAction":[{"@type":"SearchAction","target":{"@type":"EntryPoint","urlTemplate":"https:\/\/claretsabadell.cat\/es\/?s={search_term_string}"},"query-input":{"@type":"PropertyValueSpecification","valueRequired":true,"valueName":"search_term_string"}}],"inLanguage":"es"},{"@type":"Organization","@id":"https:\/\/claretsabadell.cat\/es\/#organization","name":"Col\u00b7legi Claret Sabadell","url":"https:\/\/claretsabadell.cat\/es\/","logo":{"@type":"ImageObject","inLanguage":"es","@id":"https:\/\/claretsabadell.cat\/es\/#\/schema\/logo\/image\/","url":"https:\/\/claretsabadell.cat\/wp-content\/uploads\/2020\/05\/claretsabadell.png","contentUrl":"https:\/\/claretsabadell.cat\/wp-content\/uploads\/2020\/05\/claretsabadell.png","width":296,"height":100,"caption":"Col\u00b7legi Claret Sabadell"},"image":{"@id":"https:\/\/claretsabadell.cat\/es\/#\/schema\/logo\/image\/"},"sameAs":["https:\/\/www.facebook.com\/ClaretSabadell\/","https:\/\/www.instagram.com\/claretsabadell\/"]},{"@type":"Person","@id":"https:\/\/claretsabadell.cat\/es\/#\/schema\/person\/f315154d39905b3522ddecf099fccf5d","name":"caparicio","image":{"@type":"ImageObject","inLanguage":"es","@id":"https:\/\/secure.gravatar.com\/avatar\/1a5a59b76215d6ec635473a4038e7764468a9056019dade3a5147f4a52850459?s=96&d=mm&r=g","url":"https:\/\/secure.gravatar.com\/avatar\/1a5a59b76215d6ec635473a4038e7764468a9056019dade3a5147f4a52850459?s=96&d=mm&r=g","contentUrl":"https:\/\/secure.gravatar.com\/avatar\/1a5a59b76215d6ec635473a4038e7764468a9056019dade3a5147f4a52850459?s=96&d=mm&r=g","caption":"caparicio"}}]}},"_links":{"self":[{"href":"https:\/\/claretsabadell.cat\/es\/wp-json\/wp\/v2\/posts\/6870","targetHints":{"allow":["GET"]}}],"collection":[{"href":"https:\/\/claretsabadell.cat\/es\/wp-json\/wp\/v2\/posts"}],"about":[{"href":"https:\/\/claretsabadell.cat\/es\/wp-json\/wp\/v2\/types\/post"}],"author":[{"embeddable":true,"href":"https:\/\/claretsabadell.cat\/es\/wp-json\/wp\/v2\/users\/2"}],"replies":[{"embeddable":true,"href":"https:\/\/claretsabadell.cat\/es\/wp-json\/wp\/v2\/comments?post=6870"}],"version-history":[{"count":5,"href":"https:\/\/claretsabadell.cat\/es\/wp-json\/wp\/v2\/posts\/6870\/revisions"}],"predecessor-version":[{"id":6881,"href":"https:\/\/claretsabadell.cat\/es\/wp-json\/wp\/v2\/posts\/6870\/revisions\/6881"}],"wp:attachment":[{"href":"https:\/\/claretsabadell.cat\/es\/wp-json\/wp\/v2\/media?parent=6870"}],"wp:term":[{"taxonomy":"category","embeddable":true,"href":"https:\/\/claretsabadell.cat\/es\/wp-json\/wp\/v2\/categories?post=6870"},{"taxonomy":"post_tag","embeddable":true,"href":"https:\/\/claretsabadell.cat\/es\/wp-json\/wp\/v2\/tags?post=6870"}],"curies":[{"name":"wp","href":"https:\/\/api.w.org\/{rel}","templated":true}]}}