{"id":8156,"date":"2024-04-25T00:12:26","date_gmt":"2024-04-24T22:12:26","guid":{"rendered":"https:\/\/claretsabadell.cat\/?p=8156"},"modified":"2024-04-25T13:42:19","modified_gmt":"2024-04-25T11:42:19","slug":"feria-solidaria","status":"publish","type":"post","link":"https:\/\/claretsabadell.cat\/es\/feria-solidaria\/","title":{"rendered":"Feria Solidaria"},"content":{"rendered":"\n<p id=\"tw-target-text\">Durante la tarde del d\u00eda de Sant Jordi, en la escuela hicimos la 8\u00aa Feria Solidaria en favor de Prodis. Todos los ni\u00f1os y ni\u00f1as de infantil y primaria participaron en la elaboraci\u00f3n de productos. Algunos alumnos de 3\u00ba de ESO se encargaron de la organizaci\u00f3n. \u00a1Muchas gracias a todos por su colaboraci\u00f3n!<br><br><img decoding=\"async\" style=\"--smush-placeholder-width: 1080px; --smush-placeholder-aspect-ratio: 1080\/1080;width: 300px;\" data-src=\"https:\/\/claretsabadell.cat\/wp-content\/uploads\/2024\/04\/IMG_20240423_205713_635.webp\" alt=\"\" src=\"data:image\/svg+xml;base64,PHN2ZyB3aWR0aD0iMSIgaGVpZ2h0PSIxIiB4bWxucz0iaHR0cDovL3d3dy53My5vcmcvMjAwMC9zdmciPjwvc3ZnPg==\" class=\"lazyload\">                   <img decoding=\"async\" style=\"--smush-placeholder-width: 1080px; --smush-placeholder-aspect-ratio: 1080\/1079;width: 300px;\" data-src=\"https:\/\/claretsabadell.cat\/wp-content\/uploads\/2024\/04\/IMG_20240423_205714_355.webp\" alt=\"\" src=\"data:image\/svg+xml;base64,PHN2ZyB3aWR0aD0iMSIgaGVpZ2h0PSIxIiB4bWxucz0iaHR0cDovL3d3dy53My5vcmcvMjAwMC9zdmciPjwvc3ZnPg==\" class=\"lazyload\"><\/p>\n\t\t\n\t\t\t<style>\/*! elementor - v3.19.0 - 28-02-2024 *\/\n.elementor-widget-image{text-align:center}.elementor-widget-image a{display:inline-block}.elementor-widget-image a img[src$=\".svg\"]{width:48px}.elementor-widget-image img{vertical-align:middle;display:inline-block}<\/style>\t\t\t\t\t\t\t\t\t\t<img fetchpriority=\"high\" decoding=\"async\" width=\"212\" height=\"300\" src=\"https:\/\/claretsabadell.cat\/wp-content\/uploads\/2024\/04\/Cartell-212x300.jpg\" alt=\"\" srcset=\"https:\/\/claretsabadell.cat\/wp-content\/uploads\/2024\/04\/Cartell-212x300.jpg 212w, https:\/\/claretsabadell.cat\/wp-content\/uploads\/2024\/04\/Cartell-724x1024.jpg 724w, https:\/\/claretsabadell.cat\/wp-content\/uploads\/2024\/04\/Cartell-768x1086.jpg 768w, https:\/\/claretsabadell.cat\/wp-content\/uploads\/2024\/04\/Cartell-1086x1536.jpg 1086w, https:\/\/claretsabadell.cat\/wp-content\/uploads\/2024\/04\/Cartell.jpg 1131w\" sizes=\"(max-width: 212px) 100vw, 212px\" \/>","protected":false},"excerpt":{"rendered":"<p>Durante la tarde del d\u00eda de Sant Jordi, en la escuela hicimos la 8\u00aa Feria Solidaria en favor de Prodis. Todos los ni\u00f1os y ni\u00f1as de infantil y primaria participaron en la elaboraci\u00f3n de productos. Algunos alumnos de 3\u00ba de ESO se encargaron de la organizaci\u00f3n. \u00a1Muchas gracias a todos por su colaboraci\u00f3n!<\/p>\n","protected":false},"author":2,"featured_media":0,"comment_status":"open","ping_status":"closed","sticky":false,"template":"","format":"standard","meta":{"inline_featured_image":false,"_joinchat":[],"footnotes":""},"categories":[8],"tags":[],"class_list":["post-8156","post","type-post","status-publish","format-standard","hentry","category-sin-categorizar"],"yoast_head":"<!-- This site is optimized with the Yoast SEO plugin v27.5 - https:\/\/yoast.com\/product\/yoast-seo-wordpress\/ -->\n<title>Feria Solidaria - Col\u00b7legi Claret<\/title>\n<meta name=\"robots\" content=\"index, follow, max-snippet:-1, max-image-preview:large, max-video-preview:-1\" \/>\n<link rel=\"canonical\" href=\"https:\/\/claretsabadell.cat\/es\/feria-solidaria\/\" \/>\n<meta property=\"og:locale\" content=\"es_ES\" \/>\n<meta property=\"og:type\" content=\"article\" \/>\n<meta property=\"og:title\" content=\"Feria Solidaria - Col\u00b7legi Claret\" \/>\n<meta property=\"og:description\" content=\"Durante la tarde del d\u00eda de Sant Jordi, en la escuela hicimos la 8\u00aa Feria Solidaria en favor de Prodis. Todos los ni\u00f1os y ni\u00f1as de infantil y primaria participaron en la elaboraci\u00f3n de productos. Algunos alumnos de 3\u00ba de ESO se encargaron de la organizaci\u00f3n. \u00a1Muchas gracias a todos por su colaboraci\u00f3n!\" \/>\n<meta property=\"og:url\" content=\"https:\/\/claretsabadell.cat\/es\/feria-solidaria\/\" \/>\n<meta property=\"og:site_name\" content=\"Col\u00b7legi Claret\" \/>\n<meta property=\"article:publisher\" content=\"https:\/\/www.facebook.com\/ClaretSabadell\/\" \/>\n<meta property=\"article:published_time\" content=\"2024-04-24T22:12:26+00:00\" \/>\n<meta property=\"article:modified_time\" content=\"2024-04-25T11:42:19+00:00\" \/>\n<meta property=\"og:image\" content=\"https:\/\/claretsabadell.cat\/wp-content\/uploads\/2024\/04\/IMG_20240423_205713_635.webp\" \/>\n<meta name=\"author\" content=\"caparicio\" \/>\n<meta name=\"twitter:label1\" content=\"Escrito por\" \/>\n\t<meta name=\"twitter:data1\" content=\"caparicio\" \/>\n\t<meta name=\"twitter:label2\" content=\"Tiempo de lectura\" \/>\n\t<meta name=\"twitter:data2\" content=\"1 minuto\" \/>\n<script type=\"application\/ld+json\" class=\"yoast-schema-graph\">{\"@context\":\"https:\\\/\\\/schema.org\",\"@graph\":[{\"@type\":\"Article\",\"@id\":\"https:\\\/\\\/claretsabadell.cat\\\/es\\\/feria-solidaria\\\/#article\",\"isPartOf\":{\"@id\":\"https:\\\/\\\/claretsabadell.cat\\\/es\\\/feria-solidaria\\\/\"},\"author\":{\"name\":\"caparicio\",\"@id\":\"https:\\\/\\\/claretsabadell.cat\\\/es\\\/#\\\/schema\\\/person\\\/f315154d39905b3522ddecf099fccf5d\"},\"headline\":\"Feria Solidaria\",\"datePublished\":\"2024-04-24T22:12:26+00:00\",\"dateModified\":\"2024-04-25T11:42:19+00:00\",\"mainEntityOfPage\":{\"@id\":\"https:\\\/\\\/claretsabadell.cat\\\/es\\\/feria-solidaria\\\/\"},\"wordCount\":59,\"commentCount\":0,\"publisher\":{\"@id\":\"https:\\\/\\\/claretsabadell.cat\\\/es\\\/#organization\"},\"image\":{\"@id\":\"https:\\\/\\\/claretsabadell.cat\\\/es\\\/feria-solidaria\\\/#primaryimage\"},\"thumbnailUrl\":\"https:\\\/\\\/claretsabadell.cat\\\/wp-content\\\/uploads\\\/2024\\\/04\\\/IMG_20240423_205713_635.webp\",\"articleSection\":[\"Not\u00edcies\"],\"inLanguage\":\"es\"},{\"@type\":\"WebPage\",\"@id\":\"https:\\\/\\\/claretsabadell.cat\\\/es\\\/feria-solidaria\\\/\",\"url\":\"https:\\\/\\\/claretsabadell.cat\\\/es\\\/feria-solidaria\\\/\",\"name\":\"Feria Solidaria - Col\u00b7legi Claret\",\"isPartOf\":{\"@id\":\"https:\\\/\\\/claretsabadell.cat\\\/es\\\/#website\"},\"primaryImageOfPage\":{\"@id\":\"https:\\\/\\\/claretsabadell.cat\\\/es\\\/feria-solidaria\\\/#primaryimage\"},\"image\":{\"@id\":\"https:\\\/\\\/claretsabadell.cat\\\/es\\\/feria-solidaria\\\/#primaryimage\"},\"thumbnailUrl\":\"https:\\\/\\\/claretsabadell.cat\\\/wp-content\\\/uploads\\\/2024\\\/04\\\/IMG_20240423_205713_635.webp\",\"datePublished\":\"2024-04-24T22:12:26+00:00\",\"dateModified\":\"2024-04-25T11:42:19+00:00\",\"breadcrumb\":{\"@id\":\"https:\\\/\\\/claretsabadell.cat\\\/es\\\/feria-solidaria\\\/#breadcrumb\"},\"inLanguage\":\"es\",\"potentialAction\":[{\"@type\":\"ReadAction\",\"target\":[\"https:\\\/\\\/claretsabadell.cat\\\/es\\\/feria-solidaria\\\/\"]}]},{\"@type\":\"ImageObject\",\"inLanguage\":\"es\",\"@id\":\"https:\\\/\\\/claretsabadell.cat\\\/es\\\/feria-solidaria\\\/#primaryimage\",\"url\":\"https:\\\/\\\/claretsabadell.cat\\\/wp-content\\\/uploads\\\/2024\\\/04\\\/IMG_20240423_205713_635.webp\",\"contentUrl\":\"https:\\\/\\\/claretsabadell.cat\\\/wp-content\\\/uploads\\\/2024\\\/04\\\/IMG_20240423_205713_635.webp\"},{\"@type\":\"BreadcrumbList\",\"@id\":\"https:\\\/\\\/claretsabadell.cat\\\/es\\\/feria-solidaria\\\/#breadcrumb\",\"itemListElement\":[{\"@type\":\"ListItem\",\"position\":1,\"name\":\"Inici\",\"item\":\"https:\\\/\\\/claretsabadell.cat\\\/es\\\/\"},{\"@type\":\"ListItem\",\"position\":2,\"name\":\"Feria Solidaria\"}]},{\"@type\":\"WebSite\",\"@id\":\"https:\\\/\\\/claretsabadell.cat\\\/es\\\/#website\",\"url\":\"https:\\\/\\\/claretsabadell.cat\\\/es\\\/\",\"name\":\"Col\u00b7legi Claret\",\"description\":\"Educaci\u00f3 infantil, educaci\u00f3 prim\u00e0ria, ESO a Sabadell\",\"publisher\":{\"@id\":\"https:\\\/\\\/claretsabadell.cat\\\/es\\\/#organization\"},\"potentialAction\":[{\"@type\":\"SearchAction\",\"target\":{\"@type\":\"EntryPoint\",\"urlTemplate\":\"https:\\\/\\\/claretsabadell.cat\\\/es\\\/?s={search_term_string}\"},\"query-input\":{\"@type\":\"PropertyValueSpecification\",\"valueRequired\":true,\"valueName\":\"search_term_string\"}}],\"inLanguage\":\"es\"},{\"@type\":\"Organization\",\"@id\":\"https:\\\/\\\/claretsabadell.cat\\\/es\\\/#organization\",\"name\":\"Col\u00b7legi Claret Sabadell\",\"url\":\"https:\\\/\\\/claretsabadell.cat\\\/es\\\/\",\"logo\":{\"@type\":\"ImageObject\",\"inLanguage\":\"es\",\"@id\":\"https:\\\/\\\/claretsabadell.cat\\\/es\\\/#\\\/schema\\\/logo\\\/image\\\/\",\"url\":\"https:\\\/\\\/claretsabadell.cat\\\/wp-content\\\/uploads\\\/2020\\\/05\\\/claretsabadell.png\",\"contentUrl\":\"https:\\\/\\\/claretsabadell.cat\\\/wp-content\\\/uploads\\\/2020\\\/05\\\/claretsabadell.png\",\"width\":296,\"height\":100,\"caption\":\"Col\u00b7legi Claret Sabadell\"},\"image\":{\"@id\":\"https:\\\/\\\/claretsabadell.cat\\\/es\\\/#\\\/schema\\\/logo\\\/image\\\/\"},\"sameAs\":[\"https:\\\/\\\/www.facebook.com\\\/ClaretSabadell\\\/\",\"https:\\\/\\\/www.instagram.com\\\/claretsabadell\\\/\"]},{\"@type\":\"Person\",\"@id\":\"https:\\\/\\\/claretsabadell.cat\\\/es\\\/#\\\/schema\\\/person\\\/f315154d39905b3522ddecf099fccf5d\",\"name\":\"caparicio\",\"image\":{\"@type\":\"ImageObject\",\"inLanguage\":\"es\",\"@id\":\"https:\\\/\\\/secure.gravatar.com\\\/avatar\\\/1a5a59b76215d6ec635473a4038e7764468a9056019dade3a5147f4a52850459?s=96&d=mm&r=g\",\"url\":\"https:\\\/\\\/secure.gravatar.com\\\/avatar\\\/1a5a59b76215d6ec635473a4038e7764468a9056019dade3a5147f4a52850459?s=96&d=mm&r=g\",\"contentUrl\":\"https:\\\/\\\/secure.gravatar.com\\\/avatar\\\/1a5a59b76215d6ec635473a4038e7764468a9056019dade3a5147f4a52850459?s=96&d=mm&r=g\",\"caption\":\"caparicio\"}}]}<\/script>\n<!-- \/ Yoast SEO plugin. -->","yoast_head_json":{"title":"Feria Solidaria - Col\u00b7legi Claret","robots":{"index":"index","follow":"follow","max-snippet":"max-snippet:-1","max-image-preview":"max-image-preview:large","max-video-preview":"max-video-preview:-1"},"canonical":"https:\/\/claretsabadell.cat\/es\/feria-solidaria\/","og_locale":"es_ES","og_type":"article","og_title":"Feria Solidaria - Col\u00b7legi Claret","og_description":"Durante la tarde del d\u00eda de Sant Jordi, en la escuela hicimos la 8\u00aa Feria Solidaria en favor de Prodis. Todos los ni\u00f1os y ni\u00f1as de infantil y primaria participaron en la elaboraci\u00f3n de productos. Algunos alumnos de 3\u00ba de ESO se encargaron de la organizaci\u00f3n. \u00a1Muchas gracias a todos por su colaboraci\u00f3n!","og_url":"https:\/\/claretsabadell.cat\/es\/feria-solidaria\/","og_site_name":"Col\u00b7legi Claret","article_publisher":"https:\/\/www.facebook.com\/ClaretSabadell\/","article_published_time":"2024-04-24T22:12:26+00:00","article_modified_time":"2024-04-25T11:42:19+00:00","og_image":[{"url":"https:\/\/claretsabadell.cat\/wp-content\/uploads\/2024\/04\/IMG_20240423_205713_635.webp","type":"","width":"","height":""}],"author":"caparicio","twitter_misc":{"Escrito por":"caparicio","Tiempo de lectura":"1 minuto"},"schema":{"@context":"https:\/\/schema.org","@graph":[{"@type":"Article","@id":"https:\/\/claretsabadell.cat\/es\/feria-solidaria\/#article","isPartOf":{"@id":"https:\/\/claretsabadell.cat\/es\/feria-solidaria\/"},"author":{"name":"caparicio","@id":"https:\/\/claretsabadell.cat\/es\/#\/schema\/person\/f315154d39905b3522ddecf099fccf5d"},"headline":"Feria Solidaria","datePublished":"2024-04-24T22:12:26+00:00","dateModified":"2024-04-25T11:42:19+00:00","mainEntityOfPage":{"@id":"https:\/\/claretsabadell.cat\/es\/feria-solidaria\/"},"wordCount":59,"commentCount":0,"publisher":{"@id":"https:\/\/claretsabadell.cat\/es\/#organization"},"image":{"@id":"https:\/\/claretsabadell.cat\/es\/feria-solidaria\/#primaryimage"},"thumbnailUrl":"https:\/\/claretsabadell.cat\/wp-content\/uploads\/2024\/04\/IMG_20240423_205713_635.webp","articleSection":["Not\u00edcies"],"inLanguage":"es"},{"@type":"WebPage","@id":"https:\/\/claretsabadell.cat\/es\/feria-solidaria\/","url":"https:\/\/claretsabadell.cat\/es\/feria-solidaria\/","name":"Feria Solidaria - Col\u00b7legi Claret","isPartOf":{"@id":"https:\/\/claretsabadell.cat\/es\/#website"},"primaryImageOfPage":{"@id":"https:\/\/claretsabadell.cat\/es\/feria-solidaria\/#primaryimage"},"image":{"@id":"https:\/\/claretsabadell.cat\/es\/feria-solidaria\/#primaryimage"},"thumbnailUrl":"https:\/\/claretsabadell.cat\/wp-content\/uploads\/2024\/04\/IMG_20240423_205713_635.webp","datePublished":"2024-04-24T22:12:26+00:00","dateModified":"2024-04-25T11:42:19+00:00","breadcrumb":{"@id":"https:\/\/claretsabadell.cat\/es\/feria-solidaria\/#breadcrumb"},"inLanguage":"es","potentialAction":[{"@type":"ReadAction","target":["https:\/\/claretsabadell.cat\/es\/feria-solidaria\/"]}]},{"@type":"ImageObject","inLanguage":"es","@id":"https:\/\/claretsabadell.cat\/es\/feria-solidaria\/#primaryimage","url":"https:\/\/claretsabadell.cat\/wp-content\/uploads\/2024\/04\/IMG_20240423_205713_635.webp","contentUrl":"https:\/\/claretsabadell.cat\/wp-content\/uploads\/2024\/04\/IMG_20240423_205713_635.webp"},{"@type":"BreadcrumbList","@id":"https:\/\/claretsabadell.cat\/es\/feria-solidaria\/#breadcrumb","itemListElement":[{"@type":"ListItem","position":1,"name":"Inici","item":"https:\/\/claretsabadell.cat\/es\/"},{"@type":"ListItem","position":2,"name":"Feria Solidaria"}]},{"@type":"WebSite","@id":"https:\/\/claretsabadell.cat\/es\/#website","url":"https:\/\/claretsabadell.cat\/es\/","name":"Col\u00b7legi Claret","description":"Educaci\u00f3 infantil, educaci\u00f3 prim\u00e0ria, ESO a Sabadell","publisher":{"@id":"https:\/\/claretsabadell.cat\/es\/#organization"},"potentialAction":[{"@type":"SearchAction","target":{"@type":"EntryPoint","urlTemplate":"https:\/\/claretsabadell.cat\/es\/?s={search_term_string}"},"query-input":{"@type":"PropertyValueSpecification","valueRequired":true,"valueName":"search_term_string"}}],"inLanguage":"es"},{"@type":"Organization","@id":"https:\/\/claretsabadell.cat\/es\/#organization","name":"Col\u00b7legi Claret Sabadell","url":"https:\/\/claretsabadell.cat\/es\/","logo":{"@type":"ImageObject","inLanguage":"es","@id":"https:\/\/claretsabadell.cat\/es\/#\/schema\/logo\/image\/","url":"https:\/\/claretsabadell.cat\/wp-content\/uploads\/2020\/05\/claretsabadell.png","contentUrl":"https:\/\/claretsabadell.cat\/wp-content\/uploads\/2020\/05\/claretsabadell.png","width":296,"height":100,"caption":"Col\u00b7legi Claret Sabadell"},"image":{"@id":"https:\/\/claretsabadell.cat\/es\/#\/schema\/logo\/image\/"},"sameAs":["https:\/\/www.facebook.com\/ClaretSabadell\/","https:\/\/www.instagram.com\/claretsabadell\/"]},{"@type":"Person","@id":"https:\/\/claretsabadell.cat\/es\/#\/schema\/person\/f315154d39905b3522ddecf099fccf5d","name":"caparicio","image":{"@type":"ImageObject","inLanguage":"es","@id":"https:\/\/secure.gravatar.com\/avatar\/1a5a59b76215d6ec635473a4038e7764468a9056019dade3a5147f4a52850459?s=96&d=mm&r=g","url":"https:\/\/secure.gravatar.com\/avatar\/1a5a59b76215d6ec635473a4038e7764468a9056019dade3a5147f4a52850459?s=96&d=mm&r=g","contentUrl":"https:\/\/secure.gravatar.com\/avatar\/1a5a59b76215d6ec635473a4038e7764468a9056019dade3a5147f4a52850459?s=96&d=mm&r=g","caption":"caparicio"}}]}},"_links":{"self":[{"href":"https:\/\/claretsabadell.cat\/es\/wp-json\/wp\/v2\/posts\/8156","targetHints":{"allow":["GET"]}}],"collection":[{"href":"https:\/\/claretsabadell.cat\/es\/wp-json\/wp\/v2\/posts"}],"about":[{"href":"https:\/\/claretsabadell.cat\/es\/wp-json\/wp\/v2\/types\/post"}],"author":[{"embeddable":true,"href":"https:\/\/claretsabadell.cat\/es\/wp-json\/wp\/v2\/users\/2"}],"replies":[{"embeddable":true,"href":"https:\/\/claretsabadell.cat\/es\/wp-json\/wp\/v2\/comments?post=8156"}],"version-history":[{"count":7,"href":"https:\/\/claretsabadell.cat\/es\/wp-json\/wp\/v2\/posts\/8156\/revisions"}],"predecessor-version":[{"id":8236,"href":"https:\/\/claretsabadell.cat\/es\/wp-json\/wp\/v2\/posts\/8156\/revisions\/8236"}],"wp:attachment":[{"href":"https:\/\/claretsabadell.cat\/es\/wp-json\/wp\/v2\/media?parent=8156"}],"wp:term":[{"taxonomy":"category","embeddable":true,"href":"https:\/\/claretsabadell.cat\/es\/wp-json\/wp\/v2\/categories?post=8156"},{"taxonomy":"post_tag","embeddable":true,"href":"https:\/\/claretsabadell.cat\/es\/wp-json\/wp\/v2\/tags?post=8156"}],"curies":[{"name":"wp","href":"https:\/\/api.w.org\/{rel}","templated":true}]}}