{"id":8411,"date":"2024-09-10T23:46:35","date_gmt":"2024-09-10T21:46:35","guid":{"rendered":"https:\/\/claretsabadell.cat\/?p=8411"},"modified":"2024-09-11T00:03:33","modified_gmt":"2024-09-10T22:03:33","slug":"empieza-el-curso-2024-25","status":"publish","type":"post","link":"https:\/\/claretsabadell.cat\/es\/empieza-el-curso-2024-25\/","title":{"rendered":"Empieza el curso 2024-25"},"content":{"rendered":"\n<p>Hoy, todos los del 2\u00ba ciclo de infantil, primaria y secundaria, hemos empezado el curso 2024-25! Para algunos ha sido el primer d\u00eda en nuestra escuela, para muchos una jornada de reencuentro con compa\u00f1eros y maestros. Un d\u00eda lleno de emociones, nervios y ilusi\u00f3n.<\/p>\n\n\n\n<p>\u00a1Feliz curso para todos!<\/p>\n\n\n\n<figure class=\"wp-block-image alignright size-large is-resized\"><img fetchpriority=\"high\" decoding=\"async\" width=\"768\" height=\"1024\" src=\"https:\/\/claretsabadell.cat\/wp-content\/uploads\/2024\/09\/IMG-20240910-WA0016-768x1024.jpg\" alt=\"\" class=\"wp-image-8403\" style=\"width:348px;height:auto\" srcset=\"https:\/\/claretsabadell.cat\/wp-content\/uploads\/2024\/09\/IMG-20240910-WA0016-768x1024.jpg 768w, https:\/\/claretsabadell.cat\/wp-content\/uploads\/2024\/09\/IMG-20240910-WA0016-225x300.jpg 225w, https:\/\/claretsabadell.cat\/wp-content\/uploads\/2024\/09\/IMG-20240910-WA0016-1152x1536.jpg 1152w, https:\/\/claretsabadell.cat\/wp-content\/uploads\/2024\/09\/IMG-20240910-WA0016.jpg 1200w\" sizes=\"(max-width: 768px) 100vw, 768px\" \/><\/figure>\n\n\n\n<figure class=\"wp-block-image size-large is-resized\"><img decoding=\"async\" width=\"1024\" height=\"768\" data-src=\"https:\/\/claretsabadell.cat\/wp-content\/uploads\/2024\/09\/IMG-20240910-WA0030-1024x768.jpg\" alt=\"\" class=\"wp-image-8405 lazyload\" style=\"--smush-placeholder-width: 1024px; --smush-placeholder-aspect-ratio: 1024\/768;width:400px;height:auto\" data-srcset=\"https:\/\/claretsabadell.cat\/wp-content\/uploads\/2024\/09\/IMG-20240910-WA0030-1024x768.jpg 1024w, https:\/\/claretsabadell.cat\/wp-content\/uploads\/2024\/09\/IMG-20240910-WA0030-300x225.jpg 300w, https:\/\/claretsabadell.cat\/wp-content\/uploads\/2024\/09\/IMG-20240910-WA0030-768x576.jpg 768w, https:\/\/claretsabadell.cat\/wp-content\/uploads\/2024\/09\/IMG-20240910-WA0030-1536x1152.jpg 1536w, https:\/\/claretsabadell.cat\/wp-content\/uploads\/2024\/09\/IMG-20240910-WA0030.jpg 1600w\" data-sizes=\"(max-width: 1024px) 100vw, 1024px\" src=\"data:image\/svg+xml;base64,PHN2ZyB3aWR0aD0iMSIgaGVpZ2h0PSIxIiB4bWxucz0iaHR0cDovL3d3dy53My5vcmcvMjAwMC9zdmciPjwvc3ZnPg==\" \/><\/figure>\n","protected":false},"excerpt":{"rendered":"<p>Hoy, todos los del 2\u00ba ciclo de infantil, primaria y secundaria, hemos empezado el curso 2024-25! Para algunos ha sido el primer d\u00eda en nuestra escuela, para muchos una jornada de reencuentro con compa\u00f1eros y maestros. Un d\u00eda lleno de emociones, nervios y ilusi\u00f3n. \u00a1Feliz curso para todos!<\/p>\n","protected":false},"author":2,"featured_media":0,"comment_status":"open","ping_status":"closed","sticky":false,"template":"","format":"standard","meta":{"inline_featured_image":false,"_joinchat":[],"footnotes":""},"categories":[8],"tags":[],"class_list":["post-8411","post","type-post","status-publish","format-standard","hentry","category-sin-categorizar"],"yoast_head":"<!-- This site is optimized with the Yoast SEO plugin v27.5 - https:\/\/yoast.com\/product\/yoast-seo-wordpress\/ -->\n<title>Empieza el curso 2024-25 - Col\u00b7legi Claret<\/title>\n<meta name=\"robots\" content=\"index, follow, max-snippet:-1, max-image-preview:large, max-video-preview:-1\" \/>\n<link rel=\"canonical\" href=\"https:\/\/claretsabadell.cat\/es\/empieza-el-curso-2024-25\/\" \/>\n<meta property=\"og:locale\" content=\"es_ES\" \/>\n<meta property=\"og:type\" content=\"article\" \/>\n<meta property=\"og:title\" content=\"Empieza el curso 2024-25 - Col\u00b7legi Claret\" \/>\n<meta property=\"og:description\" content=\"Hoy, todos los del 2\u00ba ciclo de infantil, primaria y secundaria, hemos empezado el curso 2024-25! Para algunos ha sido el primer d\u00eda en nuestra escuela, para muchos una jornada de reencuentro con compa\u00f1eros y maestros. Un d\u00eda lleno de emociones, nervios y ilusi\u00f3n. \u00a1Feliz curso para todos!\" \/>\n<meta property=\"og:url\" content=\"https:\/\/claretsabadell.cat\/es\/empieza-el-curso-2024-25\/\" \/>\n<meta property=\"og:site_name\" content=\"Col\u00b7legi Claret\" \/>\n<meta property=\"article:publisher\" content=\"https:\/\/www.facebook.com\/ClaretSabadell\/\" \/>\n<meta property=\"article:published_time\" content=\"2024-09-10T21:46:35+00:00\" \/>\n<meta property=\"article:modified_time\" content=\"2024-09-10T22:03:33+00:00\" \/>\n<meta property=\"og:image\" content=\"https:\/\/claretsabadell.cat\/wp-content\/uploads\/2024\/09\/IMG-20240910-WA0016-768x1024.jpg\" \/>\n<meta name=\"author\" content=\"caparicio\" \/>\n<meta name=\"twitter:label1\" content=\"Escrito por\" \/>\n\t<meta name=\"twitter:data1\" content=\"caparicio\" \/>\n\t<meta name=\"twitter:label2\" content=\"Tiempo de lectura\" \/>\n\t<meta name=\"twitter:data2\" content=\"1 minuto\" \/>\n<script type=\"application\/ld+json\" class=\"yoast-schema-graph\">{\"@context\":\"https:\\\/\\\/schema.org\",\"@graph\":[{\"@type\":\"Article\",\"@id\":\"https:\\\/\\\/claretsabadell.cat\\\/es\\\/empieza-el-curso-2024-25\\\/#article\",\"isPartOf\":{\"@id\":\"https:\\\/\\\/claretsabadell.cat\\\/es\\\/empieza-el-curso-2024-25\\\/\"},\"author\":{\"name\":\"caparicio\",\"@id\":\"https:\\\/\\\/claretsabadell.cat\\\/es\\\/#\\\/schema\\\/person\\\/f315154d39905b3522ddecf099fccf5d\"},\"headline\":\"Empieza el curso 2024-25\",\"datePublished\":\"2024-09-10T21:46:35+00:00\",\"dateModified\":\"2024-09-10T22:03:33+00:00\",\"mainEntityOfPage\":{\"@id\":\"https:\\\/\\\/claretsabadell.cat\\\/es\\\/empieza-el-curso-2024-25\\\/\"},\"wordCount\":55,\"commentCount\":0,\"publisher\":{\"@id\":\"https:\\\/\\\/claretsabadell.cat\\\/es\\\/#organization\"},\"image\":{\"@id\":\"https:\\\/\\\/claretsabadell.cat\\\/es\\\/empieza-el-curso-2024-25\\\/#primaryimage\"},\"thumbnailUrl\":\"https:\\\/\\\/claretsabadell.cat\\\/wp-content\\\/uploads\\\/2024\\\/09\\\/IMG-20240910-WA0016-768x1024.jpg\",\"articleSection\":[\"Not\u00edcies\"],\"inLanguage\":\"es\"},{\"@type\":\"WebPage\",\"@id\":\"https:\\\/\\\/claretsabadell.cat\\\/es\\\/empieza-el-curso-2024-25\\\/\",\"url\":\"https:\\\/\\\/claretsabadell.cat\\\/es\\\/empieza-el-curso-2024-25\\\/\",\"name\":\"Empieza el curso 2024-25 - Col\u00b7legi Claret\",\"isPartOf\":{\"@id\":\"https:\\\/\\\/claretsabadell.cat\\\/es\\\/#website\"},\"primaryImageOfPage\":{\"@id\":\"https:\\\/\\\/claretsabadell.cat\\\/es\\\/empieza-el-curso-2024-25\\\/#primaryimage\"},\"image\":{\"@id\":\"https:\\\/\\\/claretsabadell.cat\\\/es\\\/empieza-el-curso-2024-25\\\/#primaryimage\"},\"thumbnailUrl\":\"https:\\\/\\\/claretsabadell.cat\\\/wp-content\\\/uploads\\\/2024\\\/09\\\/IMG-20240910-WA0016-768x1024.jpg\",\"datePublished\":\"2024-09-10T21:46:35+00:00\",\"dateModified\":\"2024-09-10T22:03:33+00:00\",\"breadcrumb\":{\"@id\":\"https:\\\/\\\/claretsabadell.cat\\\/es\\\/empieza-el-curso-2024-25\\\/#breadcrumb\"},\"inLanguage\":\"es\",\"potentialAction\":[{\"@type\":\"ReadAction\",\"target\":[\"https:\\\/\\\/claretsabadell.cat\\\/es\\\/empieza-el-curso-2024-25\\\/\"]}]},{\"@type\":\"ImageObject\",\"inLanguage\":\"es\",\"@id\":\"https:\\\/\\\/claretsabadell.cat\\\/es\\\/empieza-el-curso-2024-25\\\/#primaryimage\",\"url\":\"https:\\\/\\\/claretsabadell.cat\\\/wp-content\\\/uploads\\\/2024\\\/09\\\/IMG-20240910-WA0016-768x1024.jpg\",\"contentUrl\":\"https:\\\/\\\/claretsabadell.cat\\\/wp-content\\\/uploads\\\/2024\\\/09\\\/IMG-20240910-WA0016-768x1024.jpg\"},{\"@type\":\"BreadcrumbList\",\"@id\":\"https:\\\/\\\/claretsabadell.cat\\\/es\\\/empieza-el-curso-2024-25\\\/#breadcrumb\",\"itemListElement\":[{\"@type\":\"ListItem\",\"position\":1,\"name\":\"Inici\",\"item\":\"https:\\\/\\\/claretsabadell.cat\\\/es\\\/\"},{\"@type\":\"ListItem\",\"position\":2,\"name\":\"Empieza el curso 2024-25\"}]},{\"@type\":\"WebSite\",\"@id\":\"https:\\\/\\\/claretsabadell.cat\\\/es\\\/#website\",\"url\":\"https:\\\/\\\/claretsabadell.cat\\\/es\\\/\",\"name\":\"Col\u00b7legi Claret\",\"description\":\"Educaci\u00f3 infantil, educaci\u00f3 prim\u00e0ria, ESO a Sabadell\",\"publisher\":{\"@id\":\"https:\\\/\\\/claretsabadell.cat\\\/es\\\/#organization\"},\"potentialAction\":[{\"@type\":\"SearchAction\",\"target\":{\"@type\":\"EntryPoint\",\"urlTemplate\":\"https:\\\/\\\/claretsabadell.cat\\\/es\\\/?s={search_term_string}\"},\"query-input\":{\"@type\":\"PropertyValueSpecification\",\"valueRequired\":true,\"valueName\":\"search_term_string\"}}],\"inLanguage\":\"es\"},{\"@type\":\"Organization\",\"@id\":\"https:\\\/\\\/claretsabadell.cat\\\/es\\\/#organization\",\"name\":\"Col\u00b7legi Claret Sabadell\",\"url\":\"https:\\\/\\\/claretsabadell.cat\\\/es\\\/\",\"logo\":{\"@type\":\"ImageObject\",\"inLanguage\":\"es\",\"@id\":\"https:\\\/\\\/claretsabadell.cat\\\/es\\\/#\\\/schema\\\/logo\\\/image\\\/\",\"url\":\"https:\\\/\\\/claretsabadell.cat\\\/wp-content\\\/uploads\\\/2020\\\/05\\\/claretsabadell.png\",\"contentUrl\":\"https:\\\/\\\/claretsabadell.cat\\\/wp-content\\\/uploads\\\/2020\\\/05\\\/claretsabadell.png\",\"width\":296,\"height\":100,\"caption\":\"Col\u00b7legi Claret Sabadell\"},\"image\":{\"@id\":\"https:\\\/\\\/claretsabadell.cat\\\/es\\\/#\\\/schema\\\/logo\\\/image\\\/\"},\"sameAs\":[\"https:\\\/\\\/www.facebook.com\\\/ClaretSabadell\\\/\",\"https:\\\/\\\/www.instagram.com\\\/claretsabadell\\\/\"]},{\"@type\":\"Person\",\"@id\":\"https:\\\/\\\/claretsabadell.cat\\\/es\\\/#\\\/schema\\\/person\\\/f315154d39905b3522ddecf099fccf5d\",\"name\":\"caparicio\",\"image\":{\"@type\":\"ImageObject\",\"inLanguage\":\"es\",\"@id\":\"https:\\\/\\\/secure.gravatar.com\\\/avatar\\\/1a5a59b76215d6ec635473a4038e7764468a9056019dade3a5147f4a52850459?s=96&d=mm&r=g\",\"url\":\"https:\\\/\\\/secure.gravatar.com\\\/avatar\\\/1a5a59b76215d6ec635473a4038e7764468a9056019dade3a5147f4a52850459?s=96&d=mm&r=g\",\"contentUrl\":\"https:\\\/\\\/secure.gravatar.com\\\/avatar\\\/1a5a59b76215d6ec635473a4038e7764468a9056019dade3a5147f4a52850459?s=96&d=mm&r=g\",\"caption\":\"caparicio\"}}]}<\/script>\n<!-- \/ Yoast SEO plugin. -->","yoast_head_json":{"title":"Empieza el curso 2024-25 - Col\u00b7legi Claret","robots":{"index":"index","follow":"follow","max-snippet":"max-snippet:-1","max-image-preview":"max-image-preview:large","max-video-preview":"max-video-preview:-1"},"canonical":"https:\/\/claretsabadell.cat\/es\/empieza-el-curso-2024-25\/","og_locale":"es_ES","og_type":"article","og_title":"Empieza el curso 2024-25 - Col\u00b7legi Claret","og_description":"Hoy, todos los del 2\u00ba ciclo de infantil, primaria y secundaria, hemos empezado el curso 2024-25! Para algunos ha sido el primer d\u00eda en nuestra escuela, para muchos una jornada de reencuentro con compa\u00f1eros y maestros. Un d\u00eda lleno de emociones, nervios y ilusi\u00f3n. \u00a1Feliz curso para todos!","og_url":"https:\/\/claretsabadell.cat\/es\/empieza-el-curso-2024-25\/","og_site_name":"Col\u00b7legi Claret","article_publisher":"https:\/\/www.facebook.com\/ClaretSabadell\/","article_published_time":"2024-09-10T21:46:35+00:00","article_modified_time":"2024-09-10T22:03:33+00:00","og_image":[{"url":"https:\/\/claretsabadell.cat\/wp-content\/uploads\/2024\/09\/IMG-20240910-WA0016-768x1024.jpg","type":"","width":"","height":""}],"author":"caparicio","twitter_misc":{"Escrito por":"caparicio","Tiempo de lectura":"1 minuto"},"schema":{"@context":"https:\/\/schema.org","@graph":[{"@type":"Article","@id":"https:\/\/claretsabadell.cat\/es\/empieza-el-curso-2024-25\/#article","isPartOf":{"@id":"https:\/\/claretsabadell.cat\/es\/empieza-el-curso-2024-25\/"},"author":{"name":"caparicio","@id":"https:\/\/claretsabadell.cat\/es\/#\/schema\/person\/f315154d39905b3522ddecf099fccf5d"},"headline":"Empieza el curso 2024-25","datePublished":"2024-09-10T21:46:35+00:00","dateModified":"2024-09-10T22:03:33+00:00","mainEntityOfPage":{"@id":"https:\/\/claretsabadell.cat\/es\/empieza-el-curso-2024-25\/"},"wordCount":55,"commentCount":0,"publisher":{"@id":"https:\/\/claretsabadell.cat\/es\/#organization"},"image":{"@id":"https:\/\/claretsabadell.cat\/es\/empieza-el-curso-2024-25\/#primaryimage"},"thumbnailUrl":"https:\/\/claretsabadell.cat\/wp-content\/uploads\/2024\/09\/IMG-20240910-WA0016-768x1024.jpg","articleSection":["Not\u00edcies"],"inLanguage":"es"},{"@type":"WebPage","@id":"https:\/\/claretsabadell.cat\/es\/empieza-el-curso-2024-25\/","url":"https:\/\/claretsabadell.cat\/es\/empieza-el-curso-2024-25\/","name":"Empieza el curso 2024-25 - Col\u00b7legi Claret","isPartOf":{"@id":"https:\/\/claretsabadell.cat\/es\/#website"},"primaryImageOfPage":{"@id":"https:\/\/claretsabadell.cat\/es\/empieza-el-curso-2024-25\/#primaryimage"},"image":{"@id":"https:\/\/claretsabadell.cat\/es\/empieza-el-curso-2024-25\/#primaryimage"},"thumbnailUrl":"https:\/\/claretsabadell.cat\/wp-content\/uploads\/2024\/09\/IMG-20240910-WA0016-768x1024.jpg","datePublished":"2024-09-10T21:46:35+00:00","dateModified":"2024-09-10T22:03:33+00:00","breadcrumb":{"@id":"https:\/\/claretsabadell.cat\/es\/empieza-el-curso-2024-25\/#breadcrumb"},"inLanguage":"es","potentialAction":[{"@type":"ReadAction","target":["https:\/\/claretsabadell.cat\/es\/empieza-el-curso-2024-25\/"]}]},{"@type":"ImageObject","inLanguage":"es","@id":"https:\/\/claretsabadell.cat\/es\/empieza-el-curso-2024-25\/#primaryimage","url":"https:\/\/claretsabadell.cat\/wp-content\/uploads\/2024\/09\/IMG-20240910-WA0016-768x1024.jpg","contentUrl":"https:\/\/claretsabadell.cat\/wp-content\/uploads\/2024\/09\/IMG-20240910-WA0016-768x1024.jpg"},{"@type":"BreadcrumbList","@id":"https:\/\/claretsabadell.cat\/es\/empieza-el-curso-2024-25\/#breadcrumb","itemListElement":[{"@type":"ListItem","position":1,"name":"Inici","item":"https:\/\/claretsabadell.cat\/es\/"},{"@type":"ListItem","position":2,"name":"Empieza el curso 2024-25"}]},{"@type":"WebSite","@id":"https:\/\/claretsabadell.cat\/es\/#website","url":"https:\/\/claretsabadell.cat\/es\/","name":"Col\u00b7legi Claret","description":"Educaci\u00f3 infantil, educaci\u00f3 prim\u00e0ria, ESO a Sabadell","publisher":{"@id":"https:\/\/claretsabadell.cat\/es\/#organization"},"potentialAction":[{"@type":"SearchAction","target":{"@type":"EntryPoint","urlTemplate":"https:\/\/claretsabadell.cat\/es\/?s={search_term_string}"},"query-input":{"@type":"PropertyValueSpecification","valueRequired":true,"valueName":"search_term_string"}}],"inLanguage":"es"},{"@type":"Organization","@id":"https:\/\/claretsabadell.cat\/es\/#organization","name":"Col\u00b7legi Claret Sabadell","url":"https:\/\/claretsabadell.cat\/es\/","logo":{"@type":"ImageObject","inLanguage":"es","@id":"https:\/\/claretsabadell.cat\/es\/#\/schema\/logo\/image\/","url":"https:\/\/claretsabadell.cat\/wp-content\/uploads\/2020\/05\/claretsabadell.png","contentUrl":"https:\/\/claretsabadell.cat\/wp-content\/uploads\/2020\/05\/claretsabadell.png","width":296,"height":100,"caption":"Col\u00b7legi Claret Sabadell"},"image":{"@id":"https:\/\/claretsabadell.cat\/es\/#\/schema\/logo\/image\/"},"sameAs":["https:\/\/www.facebook.com\/ClaretSabadell\/","https:\/\/www.instagram.com\/claretsabadell\/"]},{"@type":"Person","@id":"https:\/\/claretsabadell.cat\/es\/#\/schema\/person\/f315154d39905b3522ddecf099fccf5d","name":"caparicio","image":{"@type":"ImageObject","inLanguage":"es","@id":"https:\/\/secure.gravatar.com\/avatar\/1a5a59b76215d6ec635473a4038e7764468a9056019dade3a5147f4a52850459?s=96&d=mm&r=g","url":"https:\/\/secure.gravatar.com\/avatar\/1a5a59b76215d6ec635473a4038e7764468a9056019dade3a5147f4a52850459?s=96&d=mm&r=g","contentUrl":"https:\/\/secure.gravatar.com\/avatar\/1a5a59b76215d6ec635473a4038e7764468a9056019dade3a5147f4a52850459?s=96&d=mm&r=g","caption":"caparicio"}}]}},"_links":{"self":[{"href":"https:\/\/claretsabadell.cat\/es\/wp-json\/wp\/v2\/posts\/8411","targetHints":{"allow":["GET"]}}],"collection":[{"href":"https:\/\/claretsabadell.cat\/es\/wp-json\/wp\/v2\/posts"}],"about":[{"href":"https:\/\/claretsabadell.cat\/es\/wp-json\/wp\/v2\/types\/post"}],"author":[{"embeddable":true,"href":"https:\/\/claretsabadell.cat\/es\/wp-json\/wp\/v2\/users\/2"}],"replies":[{"embeddable":true,"href":"https:\/\/claretsabadell.cat\/es\/wp-json\/wp\/v2\/comments?post=8411"}],"version-history":[{"count":3,"href":"https:\/\/claretsabadell.cat\/es\/wp-json\/wp\/v2\/posts\/8411\/revisions"}],"predecessor-version":[{"id":8415,"href":"https:\/\/claretsabadell.cat\/es\/wp-json\/wp\/v2\/posts\/8411\/revisions\/8415"}],"wp:attachment":[{"href":"https:\/\/claretsabadell.cat\/es\/wp-json\/wp\/v2\/media?parent=8411"}],"wp:term":[{"taxonomy":"category","embeddable":true,"href":"https:\/\/claretsabadell.cat\/es\/wp-json\/wp\/v2\/categories?post=8411"},{"taxonomy":"post_tag","embeddable":true,"href":"https:\/\/claretsabadell.cat\/es\/wp-json\/wp\/v2\/tags?post=8411"}],"curies":[{"name":"wp","href":"https:\/\/api.w.org\/{rel}","templated":true}]}}